{"id":9691,"date":"2025-07-28T14:00:56","date_gmt":"2025-07-28T11:00:56","guid":{"rendered":"https:\/\/regionordvest.ro\/?p=9691"},"modified":"2025-08-14T14:20:46","modified_gmt":"2025-08-14T11:20:46","slug":"bistrita-va-avea-un-cartier-mai-verde-si-mai-modern-printr-un-proiect-de-peste-65-milioane-de-euro-finantat-in-cadrul-programului-regional-nord-vest-2021-2027","status":"publish","type":"post","link":"https:\/\/regionordvest.ro\/en\/bistrita-va-avea-un-cartier-mai-verde-si-mai-modern-printr-un-proiect-de-peste-65-milioane-de-euro-finantat-in-cadrul-programului-regional-nord-vest-2021-2027\/","title":{"rendered":"Bistri\u021ba va avea un cartier mai verde \u0219i mai modern, printr-un proiect de peste 6,5 milioane de euro finan\u021bat \u00een cadrul Programului Regional Nord-Vest 2021\u20132027"},"content":{"rendered":"<section class=\"l-section wpb_row height_small\"><div class=\"l-section-h i-cf\"><div class=\"g-cols via_grid cols_2-1 laptops-cols_inherit tablets-cols_inherit mobiles-cols_1 valign_top type_default\"><div class=\"wpb_column vc_column_container\"><div class=\"vc_column-inner\"><div class=\"wpb_text_column\"><div class=\"wpb_wrapper\"><p style=\"text-align: justify;\">Locuitorii din Bistri\u021ba vor avea \u00een cur\u00e2nd parte de un cartier mai verde, mai modern \u0219i mai sigur, datorit\u0103 unui proiect al c\u0103rui contractul a fost semnat \u00eentre ADR Nord-Vest \u0219i Prim\u0103ria Municipiului Bistri\u021ba. Investi\u021biile vor aduce schimb\u0103ri majore \u00eentr-o zon\u0103 important\u0103 a ora\u0219ului, cartierul aflat \u00een apropierea bulevardului Independen\u021bei.<\/p>\n<p style=\"text-align: justify;\">Aici, pe o suprafa\u021b\u0103 uria\u0219\u0103, peste 54.000 de metri p\u0103tra\u021bi, vor fi ref\u0103cute aleile dintre blocuri, se vor amenaja trotuare largi, piste pentru bicicli\u0219ti \u0219i noi locuri de parcare. O treime din zon\u0103 va deveni spa\u021biu verde, cu iarb\u0103, arbori, flori, locuri de joac\u0103 pentru copii \u0219i zone pentru sport \u0219i relaxare. Se monteaz\u0103 b\u0103nci, co\u0219uri de gunoi, iluminat public cu LED, dar \u0219i camere video pentru ca to\u021bi s\u0103 se simt\u0103 \u00een siguran\u021b\u0103, indiferent de or\u0103.<\/p>\n<p style=\"text-align: justify;\">Proiectul vizeaz\u0103 \u00een special cartierul din zona Independen\u021bei Nord, acolo unde locuiesc mii de familii \u0219i unde multe dintre spa\u021biile publice, locurile de joac\u0103 \u0219i trotuarele nu au mai fost modernizate de mult timp. Ideea principal\u0103 este ca to\u021bi locuitorii, copii, p\u0103rin\u021bi, v\u00e2rstnici, s\u0103 aib\u0103 la dispozi\u021bie un cartier \u00een care s\u0103 poat\u0103 ie\u0219i la plimbare, s\u0103 se joace sau s\u0103 fac\u0103 sport \u00een aer liber, aproape de cas\u0103. Pietonii \u0219i bicicli\u0219tii vor fi pe primul loc, iar ma\u0219inile vor avea spa\u021bii special amenajate pentru parcare.<\/p>\n<p style=\"text-align: justify;\">Pe l\u00e2ng\u0103 faptul c\u0103 zona va deveni mai frumoas\u0103 \u0219i mai curat\u0103, proiectul va cre\u0219te \u0219i valoarea apartamentelor \u0219i va face cartierul mai atractiv pentru tineri \u0219i pentru noii veni\u021bi. Noile dot\u0103ri vor aduce beneficii tuturor, inclusiv celor din alte p\u0103r\u021bi ale ora\u0219ului sau jude\u021bului, care pot lua exemplu \u0219i vor avea motive s\u0103 petreac\u0103 timp \u00een aceast\u0103 zon\u0103 modernizat\u0103.<\/p>\n<p style=\"text-align: justify;\">Proiectul \u201eRegenerarea urban\u0103 a spa\u021biilor publice degradate \u2013 zona Independen\u021bei Nord \u2013 cod SMIS 318453\u201d este finan\u021bat prin Prioritatea 7 \u2013 \u201eO regiune atractiv\u0103\u201d din Programul Regional Nord-Vest 2021\u20132027 \u0219i contribuie la obiectivul de politic\u0103 5 \u2013 \u201eO Europ\u0103 mai aproape de cet\u0103\u021beni\u201d. Lucr\u0103rile sunt programate s\u0103 se \u00eencheie p\u00e2n\u0103 \u00een iulie 2028.<\/p>\n<\/div><\/div><\/div><\/div><div class=\"wpb_column vc_column_container\"><div class=\"vc_column-inner\"><div class=\"w-image align_none\"><div class=\"w-image-h\"><img loading=\"lazy\" decoding=\"async\" width=\"1500\" height=\"1258\" src=\"https:\/\/regionordvest.ro\/wp-content\/uploads\/2025\/08\/318453-Regenerare-urbana-Bistrita-BN.png\" class=\"attachment-full size-full\" alt=\"\" srcset=\"https:\/\/regionordvest.ro\/wp-content\/uploads\/2025\/08\/318453-Regenerare-urbana-Bistrita-BN.png 1500w, https:\/\/regionordvest.ro\/wp-content\/uploads\/2025\/08\/318453-Regenerare-urbana-Bistrita-BN-300x252.png 300w, https:\/\/regionordvest.ro\/wp-content\/uploads\/2025\/08\/318453-Regenerare-urbana-Bistrita-BN-1024x859.png 1024w, https:\/\/regionordvest.ro\/wp-content\/uploads\/2025\/08\/318453-Regenerare-urbana-Bistrita-BN-14x12.png 14w, https:\/\/regionordvest.ro\/wp-content\/uploads\/2025\/08\/318453-Regenerare-urbana-Bistrita-BN-477x400.png 477w, https:\/\/regionordvest.ro\/wp-content\/uploads\/2025\/08\/318453-Regenerare-urbana-Bistrita-BN-470x394.png 470w\" sizes=\"auto, (max-width: 1500px) 100vw, 1500px\" \/><\/div><\/div><\/div><\/div><\/div><\/div><\/section>","protected":false},"excerpt":{"rendered":"Locuitorii din Bistri\u021ba vor avea \u00een cur\u00e2nd parte de un cartier mai verde, mai modern \u0219i mai sigur, datorit\u0103 unui proiect al c\u0103rui contractul a fost semnat \u00eentre ADR Nord-Vest \u0219i Prim\u0103ria Municipiului Bistri\u021ba. Investi\u021biile vor aduce schimb\u0103ri majore \u00eentr-o zon\u0103 important\u0103 a ora\u0219ului, cartierul aflat \u00een apropierea bulevardului Independen\u021bei. Aici, pe o suprafa\u021b\u0103 uria\u0219\u0103,...","protected":false},"author":10,"featured_media":9692,"comment_status":"closed","ping_status":"open","sticky":false,"template":"","format":"standard","meta":{"footnotes":""},"categories":[23,65,3],"tags":[],"class_list":["post-9691","post","type-post","status-publish","format-standard","has-post-thumbnail","hentry","category-contract","category-judetul-bistrita-nasaud","category-por-2021-2027"],"_links":{"self":[{"href":"https:\/\/regionordvest.ro\/en\/wp-json\/wp\/v2\/posts\/9691","targetHints":{"allow":["GET"]}}],"collection":[{"href":"https:\/\/regionordvest.ro\/en\/wp-json\/wp\/v2\/posts"}],"about":[{"href":"https:\/\/regionordvest.ro\/en\/wp-json\/wp\/v2\/types\/post"}],"author":[{"embeddable":true,"href":"https:\/\/regionordvest.ro\/en\/wp-json\/wp\/v2\/users\/10"}],"replies":[{"embeddable":true,"href":"https:\/\/regionordvest.ro\/en\/wp-json\/wp\/v2\/comments?post=9691"}],"version-history":[{"count":3,"href":"https:\/\/regionordvest.ro\/en\/wp-json\/wp\/v2\/posts\/9691\/revisions"}],"predecessor-version":[{"id":9695,"href":"https:\/\/regionordvest.ro\/en\/wp-json\/wp\/v2\/posts\/9691\/revisions\/9695"}],"wp:featuredmedia":[{"embeddable":true,"href":"https:\/\/regionordvest.ro\/en\/wp-json\/wp\/v2\/media\/9692"}],"wp:attachment":[{"href":"https:\/\/regionordvest.ro\/en\/wp-json\/wp\/v2\/media?parent=9691"}],"wp:term":[{"taxonomy":"category","embeddable":true,"href":"https:\/\/regionordvest.ro\/en\/wp-json\/wp\/v2\/categories?post=9691"},{"taxonomy":"post_tag","embeddable":true,"href":"https:\/\/regionordvest.ro\/en\/wp-json\/wp\/v2\/tags?post=9691"}],"curies":[{"name":"wp","href":"https:\/\/api.w.org\/{rel}","templated":true}]}}