{"id":9685,"date":"2025-07-28T12:57:06","date_gmt":"2025-07-28T09:57:06","guid":{"rendered":"https:\/\/regionordvest.ro\/?p=9685"},"modified":"2025-08-14T14:00:32","modified_gmt":"2025-08-14T11:00:32","slug":"simleu-silvaniei-va-avea-un-parc-de-specializare-inteligenta-printr-un-proiect-de-peste-31-milioane-de-euro-finantat-in-cadrul-programului-regional-nord-vest-2021-2027","status":"publish","type":"post","link":"https:\/\/regionordvest.ro\/en\/simleu-silvaniei-va-avea-un-parc-de-specializare-inteligenta-printr-un-proiect-de-peste-31-milioane-de-euro-finantat-in-cadrul-programului-regional-nord-vest-2021-2027\/","title":{"rendered":"\u0218imleu Silvaniei va avea un Parc de Specializare Inteligent\u0103, printr-un proiect de peste 3,1 milioane de euro, finan\u021bat \u00een cadrul Programului Regional Nord-Vest 2021\u20132027"},"content":{"rendered":"<section class=\"l-section wpb_row height_small\"><div class=\"l-section-h i-cf\"><div class=\"g-cols via_grid cols_2-1 laptops-cols_inherit tablets-cols_inherit mobiles-cols_1 valign_top type_default\"><div class=\"wpb_column vc_column_container\"><div class=\"vc_column-inner\"><div class=\"wpb_text_column\"><div class=\"wpb_wrapper\"><p style=\"text-align: justify;\">\u0218imleu Silvaniei se preg\u0103te\u0219te s\u0103 fac\u0103 un pas important spre viitor, prin construirea primului Parc de Specializare Inteligent\u0103 din ora\u0219. Proiectul va fi realizat cu sprijinul ADR Nord-Vest \u0219i al Prim\u0103riei \u0218imleu Silvaniei \u0219i va aduce beneficii directe locuitorilor din ora\u0219 \u0219i din \u00eentreaga zon\u0103.<\/p>\n<p style=\"text-align: justify;\">Parcul va ocupa o suprafa\u021b\u0103 de 3 hectare \u0219i va oferi condi\u021bii moderne pentru firmele care vor s\u0103 inoveze: cl\u0103diri pentru produc\u021bie \u0219i cercetare, birouri, spa\u021bii tehnice, zone verzi \u0219i drumuri bine iluminate. Toate utilit\u0103\u021bile necesare vor fi asigurate, ap\u0103, canalizare, curent, gaz, internet rapid prin fibr\u0103 optic\u0103. \u00cen plus, pentru un plus de grij\u0103 fa\u021b\u0103 de mediu, iluminatul va fi asigurat de panouri solare, iar apa de ploaie va fi folosit\u0103 la iriga\u021bii.<\/p>\n<p style=\"text-align: justify;\">Spa\u021biile verzi \u0219i zonele de relaxare din parc vor oferi un mediu pl\u0103cut pentru angaja\u021bi, dar \u0219i pentru \u00eentreaga comunitate, iar folosirea energiei verzi \u0219i a tehnologiilor care protejeaz\u0103 mediul va face din \u0218imleu Silvaniei un ora\u0219 mai curat \u0219i mai s\u0103n\u0103tos. \u00cen acest parc vor lucra cel pu\u021bin cinci firme mici \u0219i mijlocii din domenii precum cercetare, inovare, produc\u021bie modern\u0103 sau servicii. Investi\u021bia va ajuta nu doar companiile, ci \u0219i tinerii care vor avea mai multe oportunit\u0103\u021bi s\u0103 r\u0103m\u00e2n\u0103 \u0219i s\u0103 lucreze aproape de familie. Parcul din \u0218imleu Silvaniei face parte dintr-o re\u021bea de 18 parcuri de specializare inteligent\u0103 care se construiesc \u00een jude\u021bele regiunii Nord-Vest, pentru a transforma zona \u00eentr-un pol de inova\u021bie \u0219i dezvoltare la nivel na\u021bional \u0219i european.<\/p>\n<p style=\"text-align: justify;\">Acest proiect va aduce schimb\u0103ri vizibile pentru locuitorii ora\u0219ului. Vor ap\u0103rea locuri de munc\u0103 noi, mai bine pl\u0103tite, la firme care folosesc tehnologie modern\u0103, ceea ce \u00eenseamn\u0103 mai multe oportunit\u0103\u021bi pentru tineri \u0219i pentru cei care doresc s\u0103 munceasc\u0103 aproape de cas\u0103. Valoarea caselor \u0219i a terenurilor din zon\u0103 va cre\u0219te, pentru c\u0103 zona devine mai atractiv\u0103 pentru investitori \u0219i familii tinere. Se vor dezvolta servicii noi, iar economia local\u0103 va avea mai mul\u021bi bani la buget, ceea ce va ajuta la modernizarea ora\u0219ului \u0219i la cre\u0219terea calit\u0103\u021bii vie\u021bii pentru to\u021bi locuitorii.<\/p>\n<p style=\"text-align: justify;\">Proiectul \u201eParc de Specializare Inteligent\u0103 \u2013 \u0218imleu Silvaniei, jude\u021bul S\u0103laj \u2013 cod SMIS 332632\u201d este finan\u021bat prin Prioritatea 1 \u2013 \u201eO regiune competitiv\u0103 prin inovare, digitalizare \u0219i \u00eentreprinderi dinamice\u201d, \u00een cadrul Programului Regional Nord-Vest 2021\u20132027, \u0219i contribuie la obiectivul de politic\u0103 1 \u2013 \u201eO Europ\u0103 mai competitiv\u0103 \u0219i mai inteligent\u0103\u201d. Lucr\u0103rile sunt programate s\u0103 se \u00eencheie p\u00e2n\u0103 \u00een iulie 2028.<\/p>\n<\/div><\/div><\/div><\/div><div class=\"wpb_column vc_column_container\"><div class=\"vc_column-inner\"><div class=\"w-image align_none\"><div class=\"w-image-h\"><img loading=\"lazy\" decoding=\"async\" width=\"1500\" height=\"1258\" src=\"https:\/\/regionordvest.ro\/wp-content\/uploads\/2025\/08\/332632-PSI-Simleu-Silvaniei-Salaj.png\" class=\"attachment-full size-full\" alt=\"\" srcset=\"https:\/\/regionordvest.ro\/wp-content\/uploads\/2025\/08\/332632-PSI-Simleu-Silvaniei-Salaj.png 1500w, https:\/\/regionordvest.ro\/wp-content\/uploads\/2025\/08\/332632-PSI-Simleu-Silvaniei-Salaj-300x252.png 300w, https:\/\/regionordvest.ro\/wp-content\/uploads\/2025\/08\/332632-PSI-Simleu-Silvaniei-Salaj-1024x859.png 1024w, https:\/\/regionordvest.ro\/wp-content\/uploads\/2025\/08\/332632-PSI-Simleu-Silvaniei-Salaj-14x12.png 14w, https:\/\/regionordvest.ro\/wp-content\/uploads\/2025\/08\/332632-PSI-Simleu-Silvaniei-Salaj-477x400.png 477w, https:\/\/regionordvest.ro\/wp-content\/uploads\/2025\/08\/332632-PSI-Simleu-Silvaniei-Salaj-470x394.png 470w\" sizes=\"auto, (max-width: 1500px) 100vw, 1500px\" \/><\/div><\/div><\/div><\/div><\/div><\/div><\/section>","protected":false},"excerpt":{"rendered":"\u0218imleu Silvaniei se preg\u0103te\u0219te s\u0103 fac\u0103 un pas important spre viitor, prin construirea primului Parc de Specializare Inteligent\u0103 din ora\u0219. Proiectul va fi realizat cu sprijinul ADR Nord-Vest \u0219i al Prim\u0103riei \u0218imleu Silvaniei \u0219i va aduce beneficii directe locuitorilor din ora\u0219 \u0219i din \u00eentreaga zon\u0103. Parcul va ocupa o suprafa\u021b\u0103 de 3 hectare \u0219i va...","protected":false},"author":10,"featured_media":9687,"comment_status":"closed","ping_status":"open","sticky":false,"template":"","format":"standard","meta":{"footnotes":""},"categories":[3],"tags":[],"class_list":["post-9685","post","type-post","status-publish","format-standard","has-post-thumbnail","hentry","category-por-2021-2027"],"_links":{"self":[{"href":"https:\/\/regionordvest.ro\/en\/wp-json\/wp\/v2\/posts\/9685","targetHints":{"allow":["GET"]}}],"collection":[{"href":"https:\/\/regionordvest.ro\/en\/wp-json\/wp\/v2\/posts"}],"about":[{"href":"https:\/\/regionordvest.ro\/en\/wp-json\/wp\/v2\/types\/post"}],"author":[{"embeddable":true,"href":"https:\/\/regionordvest.ro\/en\/wp-json\/wp\/v2\/users\/10"}],"replies":[{"embeddable":true,"href":"https:\/\/regionordvest.ro\/en\/wp-json\/wp\/v2\/comments?post=9685"}],"version-history":[{"count":3,"href":"https:\/\/regionordvest.ro\/en\/wp-json\/wp\/v2\/posts\/9685\/revisions"}],"predecessor-version":[{"id":9690,"href":"https:\/\/regionordvest.ro\/en\/wp-json\/wp\/v2\/posts\/9685\/revisions\/9690"}],"wp:featuredmedia":[{"embeddable":true,"href":"https:\/\/regionordvest.ro\/en\/wp-json\/wp\/v2\/media\/9687"}],"wp:attachment":[{"href":"https:\/\/regionordvest.ro\/en\/wp-json\/wp\/v2\/media?parent=9685"}],"wp:term":[{"taxonomy":"category","embeddable":true,"href":"https:\/\/regionordvest.ro\/en\/wp-json\/wp\/v2\/categories?post=9685"},{"taxonomy":"post_tag","embeddable":true,"href":"https:\/\/regionordvest.ro\/en\/wp-json\/wp\/v2\/tags?post=9685"}],"curies":[{"name":"wp","href":"https:\/\/api.w.org\/{rel}","templated":true}]}}