{"id":9663,"date":"2025-07-04T16:56:34","date_gmt":"2025-07-04T13:56:34","guid":{"rendered":"https:\/\/regionordvest.ro\/?p=9663"},"modified":"2025-08-14T14:21:15","modified_gmt":"2025-08-14T11:21:15","slug":"tasnadul-va-avea-primul-parc-de-specializare-inteligenta-din-judetul-satu-mare-printr-un-proiect-de-peste-43-milioane-de-euro-finantat-in-cadrul-programului-regional-nord-vest-2021-2027","status":"publish","type":"post","link":"https:\/\/regionordvest.ro\/en\/tasnadul-va-avea-primul-parc-de-specializare-inteligenta-din-judetul-satu-mare-printr-un-proiect-de-peste-43-milioane-de-euro-finantat-in-cadrul-programului-regional-nord-vest-2021-2027\/","title":{"rendered":"T\u0103\u0219nadul va avea primul Parc de Specializare Inteligent\u0103 din jude\u021bul Satu Mare, printr-un proiect de peste 4,3 milioane de euro finan\u021bat \u00een cadrul Programului Regional Nord-Vest 2021\u20132027"},"content":{"rendered":"<section class=\"l-section wpb_row height_small\"><div class=\"l-section-h i-cf\"><div class=\"g-cols via_grid cols_2-1 laptops-cols_inherit tablets-cols_inherit mobiles-cols_1 valign_top type_default\"><div class=\"wpb_column vc_column_container\"><div class=\"vc_column-inner\"><div class=\"wpb_text_column\"><div class=\"wpb_wrapper\"><p style=\"text-align: justify;\">Ora\u0219ul T\u0103\u0219nad va g\u0103zdui un parc de specializare inteligent\u0103 care va aduce locuri de munc\u0103 bine pl\u0103tite, investi\u021bii inovative \u0219i o infrastructur\u0103 modern\u0103 pentru mediul de afaceri. Contractul de finan\u021bare a fost semnat \u00eentre ADR Nord-Vest \u0219i Prim\u0103ria Ora\u0219ului T\u0103\u0219nad. Proiectul face parte dintr-o re\u021bea extins\u0103 de parcuri de specializare inteligent\u0103 care se dezvolt\u0103 \u00een \u00eentreaga regiune.<\/p>\n<p style=\"text-align: justify;\">Pe o suprafa\u021b\u0103 de aproximativ 149.000 metri p\u0103tra\u021bi, Parcul de Specializare Inteligent\u0103 T\u0103\u0219nad va oferi infrastructur\u0103 complet\u0103 pentru cel pu\u021bin 5 IMM-uri inovative din domenii precum cercetare, dezvoltare experimental\u0103, inovare \u0219i transfer tehnologic, produc\u021bie avansat\u0103, marketing \u0219i servicii. Fiecare lot de teren va avea acces auto, racord la re\u021belele de utilit\u0103\u021bi \u0219i drumuri interioare modernizate.<\/p>\n<p style=\"text-align: justify;\">Proiectul include spa\u021bii verzi pe o suprafa\u021b\u0103 de peste 2.500 metri p\u0103tra\u021bi, piste pentru bicicli\u0219ti \u0219i trotuare pietonale, pentru a \u00eencuraja mobilitatea sustenabil\u0103 \u0219i reducerea emisiilor de gaze cu efect de ser\u0103. Firmele care se vor stabili aici vor colabora cu furnizori locali \u0219i vor crea noi oportunit\u0103\u021bi de angajare pentru locuitorii din T\u0103\u0219nad \u0219i localit\u0103\u021bile \u00eenvecinate.<\/p>\n<p style=\"text-align: justify;\">Aceast\u0103 investi\u021bie va cre\u0219te competitivitatea economiei locale \u0219i va pune T\u0103\u0219nadul pe harta regional\u0103 a inova\u021biei, al\u0103turi de celelalte parcuri din re\u021beaua Nord-Vest, fiecare aduc\u00e2nd beneficii comunit\u0103\u021bii \u0219i mediului de afaceri.<\/p>\n<p style=\"text-align: justify;\">Proiectul \u201e\u00cenfiin\u021bare Parc Industrial T\u0103\u0219nad \u2013 cod SMIS 332445\u201d este finan\u021bat prin Prioritatea 1 \u2013 \u201eO regiune competitiv\u0103 prin inovare, digitalizare \u0219i \u00eentreprinderi dinamice\u201d, \u00een cadrul Programului Regional Nord-Vest 2021\u20132027, \u0219i contribuie la obiectivul de politic\u0103 1 \u2013 \u201eO Europ\u0103 mai competitiv\u0103 \u0219i mai inteligent\u0103\u201d. Lucr\u0103rile trebuie finalizate p\u00e2n\u0103 \u00een ianuarie 2028.<\/p>\n<\/div><\/div><\/div><\/div><div class=\"wpb_column vc_column_container\"><div class=\"vc_column-inner\"><div class=\"w-image align_none\"><div class=\"w-image-h\"><img loading=\"lazy\" decoding=\"async\" width=\"1500\" height=\"1258\" src=\"https:\/\/regionordvest.ro\/wp-content\/uploads\/2025\/08\/332445-PSI-Tasnad-Tasnad-Satu-Mare.png\" class=\"attachment-full size-full\" alt=\"\" srcset=\"https:\/\/regionordvest.ro\/wp-content\/uploads\/2025\/08\/332445-PSI-Tasnad-Tasnad-Satu-Mare.png 1500w, https:\/\/regionordvest.ro\/wp-content\/uploads\/2025\/08\/332445-PSI-Tasnad-Tasnad-Satu-Mare-300x252.png 300w, https:\/\/regionordvest.ro\/wp-content\/uploads\/2025\/08\/332445-PSI-Tasnad-Tasnad-Satu-Mare-1024x859.png 1024w, https:\/\/regionordvest.ro\/wp-content\/uploads\/2025\/08\/332445-PSI-Tasnad-Tasnad-Satu-Mare-14x12.png 14w, https:\/\/regionordvest.ro\/wp-content\/uploads\/2025\/08\/332445-PSI-Tasnad-Tasnad-Satu-Mare-477x400.png 477w, https:\/\/regionordvest.ro\/wp-content\/uploads\/2025\/08\/332445-PSI-Tasnad-Tasnad-Satu-Mare-470x394.png 470w\" sizes=\"auto, (max-width: 1500px) 100vw, 1500px\" \/><\/div><\/div><\/div><\/div><\/div><\/div><\/section>","protected":false},"excerpt":{"rendered":"Ora\u0219ul T\u0103\u0219nad va g\u0103zdui un parc de specializare inteligent\u0103 care va aduce locuri de munc\u0103 bine pl\u0103tite, investi\u021bii inovative \u0219i o infrastructur\u0103 modern\u0103 pentru mediul de afaceri. Contractul de finan\u021bare a fost semnat \u00eentre ADR Nord-Vest \u0219i Prim\u0103ria Ora\u0219ului T\u0103\u0219nad. Proiectul face parte dintr-o re\u021bea extins\u0103 de parcuri de specializare inteligent\u0103 care se dezvolt\u0103 \u00een...","protected":false},"author":10,"featured_media":9664,"comment_status":"closed","ping_status":"open","sticky":false,"template":"","format":"standard","meta":{"footnotes":""},"categories":[23,68,3],"tags":[],"class_list":["post-9663","post","type-post","status-publish","format-standard","has-post-thumbnail","hentry","category-contract","category-judetul-satu-mare","category-por-2021-2027"],"_links":{"self":[{"href":"https:\/\/regionordvest.ro\/en\/wp-json\/wp\/v2\/posts\/9663","targetHints":{"allow":["GET"]}}],"collection":[{"href":"https:\/\/regionordvest.ro\/en\/wp-json\/wp\/v2\/posts"}],"about":[{"href":"https:\/\/regionordvest.ro\/en\/wp-json\/wp\/v2\/types\/post"}],"author":[{"embeddable":true,"href":"https:\/\/regionordvest.ro\/en\/wp-json\/wp\/v2\/users\/10"}],"replies":[{"embeddable":true,"href":"https:\/\/regionordvest.ro\/en\/wp-json\/wp\/v2\/comments?post=9663"}],"version-history":[{"count":1,"href":"https:\/\/regionordvest.ro\/en\/wp-json\/wp\/v2\/posts\/9663\/revisions"}],"predecessor-version":[{"id":9665,"href":"https:\/\/regionordvest.ro\/en\/wp-json\/wp\/v2\/posts\/9663\/revisions\/9665"}],"wp:featuredmedia":[{"embeddable":true,"href":"https:\/\/regionordvest.ro\/en\/wp-json\/wp\/v2\/media\/9664"}],"wp:attachment":[{"href":"https:\/\/regionordvest.ro\/en\/wp-json\/wp\/v2\/media?parent=9663"}],"wp:term":[{"taxonomy":"category","embeddable":true,"href":"https:\/\/regionordvest.ro\/en\/wp-json\/wp\/v2\/categories?post=9663"},{"taxonomy":"post_tag","embeddable":true,"href":"https:\/\/regionordvest.ro\/en\/wp-json\/wp\/v2\/tags?post=9663"}],"curies":[{"name":"wp","href":"https:\/\/api.w.org\/{rel}","templated":true}]}}