{"id":9651,"date":"2025-07-04T16:33:26","date_gmt":"2025-07-04T13:33:26","guid":{"rendered":"https:\/\/regionordvest.ro\/?p=9651"},"modified":"2025-08-14T14:21:20","modified_gmt":"2025-08-14T11:21:20","slug":"oradea-va-avea-un-nou-parc-de-specializare-inteligenta-printr-un-proiect-de-peste-94-milioane-de-euro-finantat-in-cadrul-programului-regional-nord-vest-2021-2027","status":"publish","type":"post","link":"https:\/\/regionordvest.ro\/en\/oradea-va-avea-un-nou-parc-de-specializare-inteligenta-printr-un-proiect-de-peste-94-milioane-de-euro-finantat-in-cadrul-programului-regional-nord-vest-2021-2027\/","title":{"rendered":"Oradea va avea un nou Parc de Specializare Inteligent\u0103, printr-un proiect de peste 9,4 milioane de euro finan\u021bat \u00een cadrul Programului Regional Nord-Vest 2021\u20132027"},"content":{"rendered":"<section class=\"l-section wpb_row height_small\"><div class=\"l-section-h i-cf\"><div class=\"g-cols via_grid cols_2-1 laptops-cols_inherit tablets-cols_inherit mobiles-cols_1 valign_top type_default\"><div class=\"wpb_column vc_column_container\"><div class=\"vc_column-inner\"><div class=\"wpb_text_column\"><div class=\"wpb_wrapper\"><p style=\"text-align: justify;\">IMM-urile din jude\u021bul Bihor \u0219i \u00eentreaga regiune vor avea un nou loc unde pot inova, cre\u0219te \u0219i colabora, datorit\u0103 proiectului al c\u0103rui contract a fost semnat \u00eentre ADR Nord-Vest \u0219i Prim\u0103ria Municipiului Oradea. Acesta este <strong>al doilea parc de specializare inteligent\u0103 din municipiu<\/strong>, g\u00e2ndit s\u0103 sus\u021bin\u0103 afaceri din domenii cu valoare ad\u0103ugat\u0103 mare, tehnologii avansate \u0219i activit\u0103\u021bi bazate pe cercetare \u0219i inovare.<\/p>\n<p style=\"text-align: justify;\">Parcul cu o suprafa\u021b\u0103 de aproape 20 de hectare va oferi antreprenorilor <strong>16 parcele complet utilate<\/strong>: drumuri de acces, trotuare, zone verzi, iluminat public modern, racorduri la toate utilit\u0103\u021bile \u0219i o zon\u0103 energetic\u0103 verde cu panouri fotovoltaice. \u00cen interiorul parcului vor func\u021biona companii din domenii precum s\u0103n\u0103tatea, industria agroalimentar\u0103, cosmeticele \u0219i suplimentele alimentare, tehnologiile de produc\u021bie avansate, materialele noi \u0219i tehnologia informa\u021biei \u0219i a telecomunica\u021biilor.<\/p>\n<p style=\"text-align: justify;\">Impactul asupra comunit\u0103\u021bii va fi semnificativ: vor fi create locuri de munc\u0103 bine pl\u0103tite, for\u021ba de munc\u0103 \u00eenalt calificat\u0103 va avea motive s\u0103 r\u0103m\u00e2n\u0103 \u00een regiune, vor fi generate noi surse de venituri pentru bugetul local \u0219i va fi creat unui ecosistem antreprenorial care stimuleaz\u0103 colaborarea \u00eentre firme, centre de cercetare \u0219i start-up-uri.<\/p>\n<p style=\"text-align: justify;\">Parcul de Specializare Inteligent\u0103 de la Oradea se adaug\u0103 celorlalte proiecte similare deja contractate \u00een jude\u021bul Bihor, precum cele din Ale\u0219d, Beiu\u0219, Marghita, Salonta \u0219i \u0218tei. \u00cempreun\u0103 cu alte localit\u0103\u021bi din celelalte jude\u021be, aceste parcuri formeaz\u0103 o re\u021bea regional\u0103 care \u00ee\u0219i propune s\u0103 transforme Regiunea Nord-Vest \u00eentr-un pol de competitivitate \u0219i inova\u021bie la nivel na\u021bional \u0219i european.<\/p>\n<p style=\"text-align: justify;\">Proiectul \u201e\u00ceNFIIN\u021aARE PARC DE SPECIALIZARE INTELIGENT\u0102 2 ORADEA \u2013 Cod SMIS 327368\u201d este finan\u021bat prin Prioritatea 1 \u2013 \u201eO regiune competitiv\u0103 prin inovare, digitalizare \u0219i \u00eentreprinderi dinamice\u201d, \u00een cadrul Programului Regional Nord-Vest 2021\u20132027, \u0219i contribuie la obiectivul de politic\u0103 1 \u2013 \u201eO Europ\u0103 mai competitiv\u0103 \u0219i mai inteligent\u0103\u201d. Lucr\u0103rile sunt programate s\u0103 se \u00eencheie p\u00e2n\u0103 \u00een decembrie 2027.<\/p>\n<\/div><\/div><\/div><\/div><div class=\"wpb_column vc_column_container\"><div class=\"vc_column-inner\"><div class=\"w-image align_none\"><div class=\"w-image-h\"><img loading=\"lazy\" decoding=\"async\" width=\"1500\" height=\"1258\" src=\"https:\/\/regionordvest.ro\/wp-content\/uploads\/2025\/08\/327368-PSI-Oradea-2-Oradea-BH.png\" class=\"attachment-full size-full\" alt=\"\" srcset=\"https:\/\/regionordvest.ro\/wp-content\/uploads\/2025\/08\/327368-PSI-Oradea-2-Oradea-BH.png 1500w, https:\/\/regionordvest.ro\/wp-content\/uploads\/2025\/08\/327368-PSI-Oradea-2-Oradea-BH-300x252.png 300w, https:\/\/regionordvest.ro\/wp-content\/uploads\/2025\/08\/327368-PSI-Oradea-2-Oradea-BH-1024x859.png 1024w, https:\/\/regionordvest.ro\/wp-content\/uploads\/2025\/08\/327368-PSI-Oradea-2-Oradea-BH-14x12.png 14w, https:\/\/regionordvest.ro\/wp-content\/uploads\/2025\/08\/327368-PSI-Oradea-2-Oradea-BH-477x400.png 477w, https:\/\/regionordvest.ro\/wp-content\/uploads\/2025\/08\/327368-PSI-Oradea-2-Oradea-BH-470x394.png 470w\" sizes=\"auto, (max-width: 1500px) 100vw, 1500px\" \/><\/div><\/div><\/div><\/div><\/div><\/div><\/section>","protected":false},"excerpt":{"rendered":"IMM-urile din jude\u021bul Bihor \u0219i \u00eentreaga regiune vor avea un nou loc unde pot inova, cre\u0219te \u0219i colabora, datorit\u0103 proiectului al c\u0103rui contract a fost semnat \u00eentre ADR Nord-Vest \u0219i Prim\u0103ria Municipiului Oradea. Acesta este al doilea parc de specializare inteligent\u0103 din municipiu, g\u00e2ndit s\u0103 sus\u021bin\u0103 afaceri din domenii cu valoare ad\u0103ugat\u0103 mare, tehnologii avansate...","protected":false},"author":10,"featured_media":9652,"comment_status":"closed","ping_status":"open","sticky":false,"template":"","format":"standard","meta":{"footnotes":""},"categories":[3,23,67],"tags":[],"class_list":["post-9651","post","type-post","status-publish","format-standard","has-post-thumbnail","hentry","category-por-2021-2027","category-contract","category-judetul-bihor"],"_links":{"self":[{"href":"https:\/\/regionordvest.ro\/en\/wp-json\/wp\/v2\/posts\/9651","targetHints":{"allow":["GET"]}}],"collection":[{"href":"https:\/\/regionordvest.ro\/en\/wp-json\/wp\/v2\/posts"}],"about":[{"href":"https:\/\/regionordvest.ro\/en\/wp-json\/wp\/v2\/types\/post"}],"author":[{"embeddable":true,"href":"https:\/\/regionordvest.ro\/en\/wp-json\/wp\/v2\/users\/10"}],"replies":[{"embeddable":true,"href":"https:\/\/regionordvest.ro\/en\/wp-json\/wp\/v2\/comments?post=9651"}],"version-history":[{"count":2,"href":"https:\/\/regionordvest.ro\/en\/wp-json\/wp\/v2\/posts\/9651\/revisions"}],"predecessor-version":[{"id":9654,"href":"https:\/\/regionordvest.ro\/en\/wp-json\/wp\/v2\/posts\/9651\/revisions\/9654"}],"wp:featuredmedia":[{"embeddable":true,"href":"https:\/\/regionordvest.ro\/en\/wp-json\/wp\/v2\/media\/9652"}],"wp:attachment":[{"href":"https:\/\/regionordvest.ro\/en\/wp-json\/wp\/v2\/media?parent=9651"}],"wp:term":[{"taxonomy":"category","embeddable":true,"href":"https:\/\/regionordvest.ro\/en\/wp-json\/wp\/v2\/categories?post=9651"},{"taxonomy":"post_tag","embeddable":true,"href":"https:\/\/regionordvest.ro\/en\/wp-json\/wp\/v2\/tags?post=9651"}],"curies":[{"name":"wp","href":"https:\/\/api.w.org\/{rel}","templated":true}]}}