{"id":9645,"date":"2025-07-04T15:01:24","date_gmt":"2025-07-04T12:01:24","guid":{"rendered":"https:\/\/regionordvest.ro\/?p=9645"},"modified":"2025-08-14T14:21:27","modified_gmt":"2025-08-14T11:21:27","slug":"trei-centre-multifunctionale-vor-fi-infiintate-in-localitatile-rona-cuceu-si-husia-printr-un-proiect-de-peste-32-milioane-de-euro-finantat-in-cadrul-programului-regional-nord-vest-2021-2027","status":"publish","type":"post","link":"https:\/\/regionordvest.ro\/en\/trei-centre-multifunctionale-vor-fi-infiintate-in-localitatile-rona-cuceu-si-husia-printr-un-proiect-de-peste-32-milioane-de-euro-finantat-in-cadrul-programului-regional-nord-vest-2021-2027\/","title":{"rendered":"Trei centre multifunc\u021bionale vor fi \u00eenfiin\u021bate \u00een localit\u0103\u021bile Rona, Cuceu \u0219i Husia, printr-un proiect de peste 3,2 milioane de euro finan\u021bat \u00een cadrul Programului Regional Nord-Vest 2021\u20132027"},"content":{"rendered":"<section class=\"l-section wpb_row height_small\"><div class=\"l-section-h i-cf\"><div class=\"g-cols via_grid cols_2-1 laptops-cols_inherit tablets-cols_inherit mobiles-cols_1 valign_top type_default\"><div class=\"wpb_column vc_column_container\"><div class=\"vc_column-inner\"><div class=\"wpb_text_column\"><div class=\"wpb_wrapper\"><p style=\"text-align: justify;\" data-start=\"328\" data-end=\"744\">Ora\u0219ul Jibou va beneficia de o investi\u021bie important\u0103 pentru revitalizarea comunit\u0103\u021bilor din localit\u0103\u021bile apar\u021bin\u0103toare Rona, Cuceu \u0219i Husia. Contractul de finan\u021bare, cu num\u0103rul <strong data-start=\"505\" data-end=\"512\">300<\/strong> din actuala perioad\u0103 de programare, a fost semnat \u00eentre ADR Nord-Vest \u0219i Prim\u0103ria Ora\u0219ului Jibou \u0219i prevede reabilitarea \u0219i reconversia fostelor cl\u0103diri de \u0219coli din aceste sate \u00een centre multifunc\u021bionale socio-culturale moderne.<\/p>\n<p style=\"text-align: justify;\" data-start=\"746\" data-end=\"1142\">Lucr\u0103rile vor include consolidarea structurii cl\u0103dirilor, reabilitarea termic\u0103, modernizarea instala\u021biilor, montarea de panouri fotovoltaice \u0219i pompe de c\u0103ldur\u0103, amenajarea rampelor pentru persoanele cu dizabilit\u0103\u021bi \u0219i refacerea finisajelor interioare \u0219i exterioare. Fiecare centru va fi dotat cu echipamente \u0219i mobilier necesar desf\u0103\u0219ur\u0103rii de activit\u0103\u021bi educa\u021bionale, culturale \u0219i recreative.<\/p>\n<p style=\"text-align: justify;\" data-start=\"1144\" data-end=\"1589\">Prin acest proiect, locuitorii din Rona, Cuceu \u0219i Husia vor avea acces la spa\u021bii moderne pentru \u00eent\u00e2lniri, evenimente \u0219i activit\u0103\u021bi comunitare. Investi\u021bia urm\u0103re\u0219te reducerea izol\u0103rii sociale, \u00een special pentru persoanele v\u00e2rstnice, cu venituri mici, cu dizabilit\u0103\u021bi sau apar\u021bin\u00e2nd grupurilor vulnerabile. \u00cen acela\u0219i timp, proiectul va sus\u021bine dezvoltarea economic\u0103 local\u0103 prin implicarea firmelor de construc\u021bii \u0219i a furnizorilor de servicii.<\/p>\n<p style=\"text-align: justify;\" data-start=\"1591\" data-end=\"1934\">Proiectul \u201e\u00cenfiin\u021bare centre multifunc\u021bionale \u00een localit\u0103\u021bile Rona, Cuceu, Husia \u2013 cod SMIS 321408\u201d este finan\u021bat prin Prioritatea 7 \u2013 \u201eO regiune atractiv\u0103\u201d din Programul Regional Nord-Vest 2021\u20132027 \u0219i contribuie la obiectivul de politic\u0103 5 \u2013 \u201eO Europ\u0103 mai aproape de cet\u0103\u021beni\u201d. Lucr\u0103rile sunt programate s\u0103 fie finalizate p\u00e2n\u0103 \u00een mai 2028.<\/p>\n<\/div><\/div><\/div><\/div><div class=\"wpb_column vc_column_container\"><div class=\"vc_column-inner\"><div class=\"w-image align_none\"><div class=\"w-image-h\"><img loading=\"lazy\" decoding=\"async\" width=\"1500\" height=\"1258\" src=\"https:\/\/regionordvest.ro\/wp-content\/uploads\/2025\/08\/321408-Centre-multifunctionale-Jibou-SJ.png\" class=\"attachment-full size-full\" alt=\"\" srcset=\"https:\/\/regionordvest.ro\/wp-content\/uploads\/2025\/08\/321408-Centre-multifunctionale-Jibou-SJ.png 1500w, https:\/\/regionordvest.ro\/wp-content\/uploads\/2025\/08\/321408-Centre-multifunctionale-Jibou-SJ-300x252.png 300w, https:\/\/regionordvest.ro\/wp-content\/uploads\/2025\/08\/321408-Centre-multifunctionale-Jibou-SJ-1024x859.png 1024w, https:\/\/regionordvest.ro\/wp-content\/uploads\/2025\/08\/321408-Centre-multifunctionale-Jibou-SJ-14x12.png 14w, https:\/\/regionordvest.ro\/wp-content\/uploads\/2025\/08\/321408-Centre-multifunctionale-Jibou-SJ-477x400.png 477w, https:\/\/regionordvest.ro\/wp-content\/uploads\/2025\/08\/321408-Centre-multifunctionale-Jibou-SJ-470x394.png 470w\" sizes=\"auto, (max-width: 1500px) 100vw, 1500px\" \/><\/div><\/div><\/div><\/div><\/div><\/div><\/section>","protected":false},"excerpt":{"rendered":"Ora\u0219ul Jibou va beneficia de o investi\u021bie important\u0103 pentru revitalizarea comunit\u0103\u021bilor din localit\u0103\u021bile apar\u021bin\u0103toare Rona, Cuceu \u0219i Husia. Contractul de finan\u021bare, cu num\u0103rul 300 din actuala perioad\u0103 de programare, a fost semnat \u00eentre ADR Nord-Vest \u0219i Prim\u0103ria Ora\u0219ului Jibou \u0219i prevede reabilitarea \u0219i reconversia fostelor cl\u0103diri de \u0219coli din aceste sate \u00een centre multifunc\u021bionale socio-culturale...","protected":false},"author":10,"featured_media":9646,"comment_status":"closed","ping_status":"open","sticky":false,"template":"","format":"standard","meta":{"footnotes":""},"categories":[23,69,3],"tags":[],"class_list":["post-9645","post","type-post","status-publish","format-standard","has-post-thumbnail","hentry","category-contract","category-judetul-salaj","category-por-2021-2027"],"_links":{"self":[{"href":"https:\/\/regionordvest.ro\/en\/wp-json\/wp\/v2\/posts\/9645","targetHints":{"allow":["GET"]}}],"collection":[{"href":"https:\/\/regionordvest.ro\/en\/wp-json\/wp\/v2\/posts"}],"about":[{"href":"https:\/\/regionordvest.ro\/en\/wp-json\/wp\/v2\/types\/post"}],"author":[{"embeddable":true,"href":"https:\/\/regionordvest.ro\/en\/wp-json\/wp\/v2\/users\/10"}],"replies":[{"embeddable":true,"href":"https:\/\/regionordvest.ro\/en\/wp-json\/wp\/v2\/comments?post=9645"}],"version-history":[{"count":3,"href":"https:\/\/regionordvest.ro\/en\/wp-json\/wp\/v2\/posts\/9645\/revisions"}],"predecessor-version":[{"id":9650,"href":"https:\/\/regionordvest.ro\/en\/wp-json\/wp\/v2\/posts\/9645\/revisions\/9650"}],"wp:featuredmedia":[{"embeddable":true,"href":"https:\/\/regionordvest.ro\/en\/wp-json\/wp\/v2\/media\/9646"}],"wp:attachment":[{"href":"https:\/\/regionordvest.ro\/en\/wp-json\/wp\/v2\/media?parent=9645"}],"wp:term":[{"taxonomy":"category","embeddable":true,"href":"https:\/\/regionordvest.ro\/en\/wp-json\/wp\/v2\/categories?post=9645"},{"taxonomy":"post_tag","embeddable":true,"href":"https:\/\/regionordvest.ro\/en\/wp-json\/wp\/v2\/tags?post=9645"}],"curies":[{"name":"wp","href":"https:\/\/api.w.org\/{rel}","templated":true}]}}