{"id":9411,"date":"2025-07-18T17:40:38","date_gmt":"2025-07-18T14:40:38","guid":{"rendered":"https:\/\/regionordvest.ro\/?p=9411"},"modified":"2025-07-18T17:40:38","modified_gmt":"2025-07-18T14:40:38","slug":"ghidul-solicitantului-131-f-sprijin-pentru-internationalizarea-imm-urilor","status":"publish","type":"post","link":"https:\/\/regionordvest.ro\/en\/ghidul-solicitantului-131-f-sprijin-pentru-internationalizarea-imm-urilor\/","title":{"rendered":"Applicant&#039;s Guide 131.F \u2013 Support for the internationalization of SMEs"},"content":{"rendered":"<section class=\"l-section wpb_row height_small\"><div class=\"l-section-h i-cf\"><div class=\"g-cols via_grid cols_1 laptops-cols_inherit tablets-cols_inherit mobiles-cols_1 valign_top type_default\"><div class=\"wpb_column vc_column_container\"><div class=\"vc_column-inner\"><div class=\"g-cols wpb_row via_grid cols_2-1 laptops-cols_inherit tablets-cols_inherit mobiles-cols_1 valign_top type_default\"><div class=\"wpb_column vc_column_container\"><div class=\"vc_column-inner\"><div class=\"wpb_text_column\"><div class=\"wpb_wrapper\"><p style=\"text-align: justify;\">Autoritatea de Management pentru Programul Regional Nord-Vest 2021-2027 (REGIO Nord-Vest) public\u0103 <a href=\"http:\/\/regionordvest.ro\/en\/apel-prnv-2025-131-f-1-sprijin-pentru-internationalizarea-imm-urilor\/\"><strong><em>Applicant&#039;s Guide 131.F \u2013 Support for the internationalization of SMEs<\/em><\/strong><\/a><\/p>\n<\/div><\/div><div class=\"wpb_text_column\"><div class=\"wpb_wrapper\"><p style=\"text-align: justify;\">Acest apel de proiecte este <strong>competitiv <\/strong>cu termen-limit\u0103 de depunere, cu num\u0103rul <strong>PRNV\/2025\/131.F\/1<\/strong>.<\/p>\n<p>Solicitantul eligibil trebuie s\u0103 fie :<\/p>\n<ul>\n<li>societate \u00eenregistrat\u0103 \u00een baza Legii nr. 31\/1990 privind societ\u0103\u021bile;<\/li>\n<li>societate cooperativ\u0103 care func\u021bioneaz\u0103 \u00een baza Legii nr. 1\/2005 privind organizarea \u0219i func\u021bionarea coopera\u021biei;<\/li>\n<li>cooperativ\u0103 agricol\u0103 de gradul 2 sau 3 conform Legii coopera\u0163iei agricole nr. 566\/2004;<\/li>\n<li>ONG cu activitate economic\u0103, conform Ordonan\u021bei 26\/2000;<\/li>\n<li>societate \u00eenregistrat\u0103 \u00een baza Legii nr. 219\/2015 privind economia social\u0103.<\/li>\n<\/ul>\n<p>Care se \u00eencadreaz\u0103 \u00een categoria micro\u00eentreprinderilor, \u00eentreprinderilor mici \u0219i mijlocii \u00eenregistrate \u00een Regiunea de Dezvoltare Nord-Vest iar Domeniul de activitate \u00een care se realizeaz\u0103 investi\u021bia (coduri CAEN) \u00een conformitate cu prevederile Ghidului Solicitantului \u0219i anexelor aferente<\/p>\n<p>&nbsp;<\/p>\n<p>Alocarea prezentului apel de proiecte (FEDR + BS) este de <strong>10.000.000,00 euro<\/strong>, din care <strong>8.500.000,00 euro <\/strong>FEDR \u0219i <strong>1.500.000,00 euro<\/strong> cofinan\u021bare din BS.<\/p>\n<ul>\n<li>Valoarea minim\u0103 a finan\u021b\u0103rii nerambursabile a unui proiect: <strong>50.000 Euro<\/strong><\/li>\n<li>Valoarea maxim\u0103 a finan\u021b\u0103rii nerambursabile a unui proiect: <strong>275.000 Euro<\/strong><\/li>\n<\/ul>\n<\/div><\/div><\/div><\/div><div class=\"wpb_column vc_column_container\"><div class=\"vc_column-inner\"><div class=\"w-image align_center\"><div class=\"w-image-h\"><img loading=\"lazy\" decoding=\"async\" width=\"1286\" height=\"1207\" src=\"https:\/\/regionordvest.ro\/wp-content\/uploads\/2025\/07\/131.F.jpg\" class=\"attachment-full size-full\" alt=\"\" srcset=\"https:\/\/regionordvest.ro\/wp-content\/uploads\/2025\/07\/131.F.jpg 1286w, https:\/\/regionordvest.ro\/wp-content\/uploads\/2025\/07\/131.F-300x282.jpg 300w, https:\/\/regionordvest.ro\/wp-content\/uploads\/2025\/07\/131.F-1024x961.jpg 1024w, https:\/\/regionordvest.ro\/wp-content\/uploads\/2025\/07\/131.F-13x12.jpg 13w, https:\/\/regionordvest.ro\/wp-content\/uploads\/2025\/07\/131.F-426x400.jpg 426w, https:\/\/regionordvest.ro\/wp-content\/uploads\/2025\/07\/131.F-420x394.jpg 420w\" sizes=\"auto, (max-width: 1286px) 100vw, 1286px\" \/><\/div><\/div><\/div><\/div><\/div><\/div><\/div><\/div><\/div><\/section><section class=\"l-section wpb_row height_small\"><div class=\"l-section-h i-cf\"><div class=\"g-cols via_grid cols_1 laptops-cols_inherit tablets-cols_inherit mobiles-cols_1 valign_top type_default\"><div class=\"wpb_column vc_column_container\"><div class=\"vc_column-inner\"><div class=\"wpb_text_column\"><div class=\"wpb_wrapper\"><p>\u00cen cadrul acestui apel de proiecte se acord\u0103 suport pentru activitatea de interna\u021bionalizare a produselor \u0219i serviciilor IMM-urilor, inclusiv prin \u00eembun\u0103t\u0103\u021birea componentei de comercializare (solu\u021bii de ambalare, solu\u021bii de marketing etc.);<\/p>\n<p>Se vor asigura condi\u021biile necesare IMM-urilor \u00een vederea interna\u021bionaliz\u0103rii, prin finan\u021barea unor dot\u0103ri \u0219i a unor servicii specifice de facilitare a accesului pe noi pie\u021be de desfacere.<\/p>\n<p><strong>\u00a0<\/strong><\/p>\n<p><strong>Tipuri de activit\u0103\u021bi eligibile obligatorii \u00een cadrul apelului:<\/strong><\/p>\n<ol>\n<li>Achizi\u021bia de active corporale;<\/li>\n<li>Activit\u0103\u021bi specifice de interna\u021bionalizare.<\/li>\n<\/ol>\n<p><strong><u>\u00a0<\/u><\/strong><\/p>\n<ol>\n<li><strong>Activit\u0103\u021bi eligibile de achizi\u021bie de active corporale:<\/strong><\/li>\n<\/ol>\n<ul>\n<li>achizi\u021bionarea echipamentelor care intra \u00een categoria mijloacelor fixe, justificate pe fluxul de produc\u021bie propus, \u00een corelare cu activit\u0103\u021bile de interna\u021bionalizare vizate;<\/li>\n<li>achizi\u021bionarea bunurilor \u00eencadrate ca mijloace fixe, utilizate individual sau ca parte a unui ansamblu cu destina\u021bia de stand de promovare\/prezentare a produselor sau serviciilor, \u00een contextul activit\u0103\u021bilor de promovare pe pie\u021bele externe, precum remorci cu destina\u021bie special\u0103, \u00eencadrate \u00een Catalogul mijloacelor fixe la capitolul 2.3.2.2.6, mobilier \u0219i\/sau echipamente specifice, \u00eencadrate \u00een Catalogul mijloacelor fixe la capitolul 3.1.<\/li>\n<\/ul>\n<p>\u00a0<\/p>\n<ol start=\"2\">\n<li><strong>Activit\u0103\u021bi specifice de interna\u021bionalizare:<\/strong><\/li>\n<\/ol>\n<p>Proiectul propus \u00een cererea de finan\u021bare trebuie s\u0103 cuprind\u0103, \u00een mod obligatoriu, minim 5 din urm\u0103toarele activit\u0103\u021bi specifice de interna\u021bionalizare sau conexe activit\u0103\u021bii de interna\u021bionalizare:<\/p>\n<ul>\n<li>Realizarea analizei pie\u021belor interna\u021bionale cu poten\u021bial \u0219i a strategiei de export pentru pie\u021be externe, inclusiv asisten\u021b\u0103 pe perioada de implementare a proiectului pentru punerea \u00een aplicare a acesteia;<\/li>\n<li>Activit\u0103\u021bi de inovare: consultan\u021b\u0103 \u00een inovare \u0219i transfer tehnologic, asisten\u021b\u0103 \u00een protejarea propriet\u0103\u021bii intelectuale, testarea, validarea produselor inovatoare;<\/li>\n<li>Realizarea brandului (sau rebranding) \u0219i\/sau design pentru ambalare \u0219i etichetare;<\/li>\n<li>Promovare \u0219i publicitate;(diferite fa\u021b\u0103 de activit\u0103\u021bile obligatorii aferente proiectului \u00een conformitate cu prevederile contractuale \u0219i cu Manualul de Identitate Vizual\u0103 pentru Programul Regional Nord-Vest 2021-2027 elaborat de Autoritatea de Management \u00een baza Regulamentului UE 1060 din 24 iunie 2021 \u0219i a Ghidului de Identitate Vizual\u0103 &#8222;Vizibilitate, transparen\u021b\u0103 \u0219i comunicare \u00een perioada de programare 2021-2027\u201d)<\/li>\n<li>Ob\u021binerea certific\u0103rilor \u0219i standardelor de calitate;<\/li>\n<li>Participare la t\u00e2rguri interna\u021bionale;<\/li>\n<li>Misiuni economice interna\u021bionale \u0219i\/sau schimburi de experien\u021b\u0103 cu entit\u0103\u021bi relevante (\u00een special companii) care activeaz\u0103 pe pie\u021bele vizate.<\/li>\n<\/ul>\n<p>Activit\u0103\u021bile specifice de interna\u021bionalizare vor fi implementate prin achizi\u021bia de servicii specializate.<\/p>\n<p>Funding applications can be submitted through the MySMIS 2021\/2021+ IT system during:\u00a0<strong>18.08.2025, ora 10:00 \u2013 13.10.2025, ora 10:00.<\/strong><\/p>\n<p>\u00a0<\/p>\n<p><strong>In the next period, an event will be organized to present the Applicant&#039;s Guide, and during it the Guide&#039;s developers will be at the disposal of those interested for a question and answer session. If you want to participate in this event, we invite you to send us an e-mail at the address <\/strong><a href=\"mailto:regio@nord-vest.ro\"><strong>regio@nord-vest.ro<\/strong><\/a><strong> to express your interest in participating in this event.<\/strong><\/p>\n<p>We invite you to actively contribute and submit your observations\/comments\/questions\/requests regarding the content of the Applicant Guide and its annexes to <a href=\"mailto:regio@nord-vest.ro\">regio@nord-vest.ro<\/a> .<\/p>\n<p>\u00a0<\/p>\n<p>Prezentul apel contribuie la \u00eendeplinirea <strong>obiectivului de politic\u0103 1<\/strong> \u00a0<em>\u201eO Europ\u0103 mai competitiv\u0103 \u0219i mai inteligent\u0103, prin promovarea unei transform\u0103ri economice inovatoare \u0219i inteligente \u0219i a conectivit\u0103\u021bii TIC regionale\u201d<\/em>, <strong>prioritatea\u00a0 1<\/strong> <em>\u201eO regiune competitiv\u0103 prin inovare, digitalizare \u0219i \u00eentreprinderi dinamice\u201d,<\/em> <strong>obiectiv specific 1.3<\/strong> <em>\u201eIntensificarea cre\u0219terii durabile \u0219i a competitivit\u0103\u021bii IMM-urilor \u0219i crearea de locuri de munc\u0103 \u00een cadrul IMM-urilor, inclusiv prin investi\u021bii productive\u201d<\/em>, <strong>ac\u021biunea a)<\/strong> <em>\u201eCre\u0219terea competitivit\u0103\u021bii IMM-urilor\u201d<\/em> from the Northwest Regional Program 2021-2027.<\/p>\n<\/div><\/div><div class=\"w-separator size_small with_line width_default thick_1 style_solid color_border align_center\"><div class=\"w-separator-h\"><\/div><\/div><div class=\"wpb_text_column\"><div class=\"wpb_wrapper\"><p style=\"text-align: justify;\">The North-West Regional Program 2021-2027 proposes interventions for the development of research, development, innovation and digitization capacity, increasing the energy performance of the existing public and residential building fund, capitalizing on degraded spaces at the city level, sustainable urban mobility, investments in the network of county roads and in the educational infrastructure, as well as actions to capitalize on the cultural, touristic and spa potential.<\/p>\n<p style=\"text-align: justify;\">In the financial year 2021-2027, public authorities and institutions, the business environment, the academic and research environment and NGOs can obtain funding.<\/p>\n<p style=\"text-align: justify;\">The Northwest Regional Program benefits from a total allocation of 1,437,252,471 euros.<\/p>\n<ul style=\"text-align: justify;\">\n<li>Priority 1: A competitive region through innovation, digitization and dynamic enterprises \u2013 total value: 327,904,956 euros<\/li>\n<li>Priority 2: A region with smart localities - total value: 60,332,872 euros<\/li>\n<li>Priority 3: A region with environmentally friendly localities \u2013 total value: 210,666,112 euros<\/li>\n<li>Priority 4: A region with sustainable multimodal urban mobility \u2013 total value: 305,155,751 euros<\/li>\n<li>Priority 5: An accessible region - total value: 184,978,708 euros<\/li>\n<li>Priority 6: An educated region - total value: 77,386,100 euros<\/li>\n<li>Priority 7: An attractive region - total value: 210,363,134 euros<\/li>\n<li>Technical assistance \u2013 total value: 60,464,838 euros<\/li>\n<\/ul>\n<p style=\"text-align: justify;\">More information about the Northwest Regional Program for 2021-2027 is available\u00a0<a role=\"link\" href=\"https:\/\/regionordvest.ro\/en\/programul-regional-nv\/\">here<\/a>, and the program can be consulted\u00a0<a role=\"link\" href=\"https:\/\/regionordvest.ro\/wp-content\/uploads\/2022\/10\/PR_NV_1.2_RO-1.pdf\">here<\/a>.<\/p>\n<\/div><\/div><\/div><\/div><\/div><\/div><\/section><section class=\"l-section wpb_row height_small\"><div class=\"l-section-h i-cf\"><div class=\"g-cols via_grid cols_1 laptops-cols_inherit tablets-cols_inherit mobiles-cols_1 valign_top type_default\"><div class=\"wpb_column vc_column_container\"><div class=\"vc_column-inner\"><div class=\"w-separator size_medium\"><\/div><\/div><\/div><\/div><\/div><\/section>","protected":false},"excerpt":{"rendered":"Autoritatea de Management pentru Programul Regional Nord-Vest 2021-2027 (REGIO Nord-Vest) public\u0103 Ghidul Solicitantului 131.F &#8211; Sprijin pentru interna\u021bionalizarea IMM-urilor Acest apel de proiecte este competitiv cu termen-limit\u0103 de depunere, cu num\u0103rul PRNV\/2025\/131.F\/1. Solicitantul eligibil trebuie s\u0103 fie : societate \u00eenregistrat\u0103 \u00een baza Legii nr. 31\/1990 privind societ\u0103\u021bile; societate cooperativ\u0103 care func\u021bioneaz\u0103 \u00een baza Legii nr....","protected":false},"author":8,"featured_media":9413,"comment_status":"closed","ping_status":"open","sticky":false,"template":"","format":"standard","meta":{"footnotes":""},"categories":[3],"tags":[],"class_list":["post-9411","post","type-post","status-publish","format-standard","has-post-thumbnail","hentry","category-por-2021-2027"],"_links":{"self":[{"href":"https:\/\/regionordvest.ro\/en\/wp-json\/wp\/v2\/posts\/9411","targetHints":{"allow":["GET"]}}],"collection":[{"href":"https:\/\/regionordvest.ro\/en\/wp-json\/wp\/v2\/posts"}],"about":[{"href":"https:\/\/regionordvest.ro\/en\/wp-json\/wp\/v2\/types\/post"}],"author":[{"embeddable":true,"href":"https:\/\/regionordvest.ro\/en\/wp-json\/wp\/v2\/users\/8"}],"replies":[{"embeddable":true,"href":"https:\/\/regionordvest.ro\/en\/wp-json\/wp\/v2\/comments?post=9411"}],"version-history":[{"count":3,"href":"https:\/\/regionordvest.ro\/en\/wp-json\/wp\/v2\/posts\/9411\/revisions"}],"predecessor-version":[{"id":9429,"href":"https:\/\/regionordvest.ro\/en\/wp-json\/wp\/v2\/posts\/9411\/revisions\/9429"}],"wp:featuredmedia":[{"embeddable":true,"href":"https:\/\/regionordvest.ro\/en\/wp-json\/wp\/v2\/media\/9413"}],"wp:attachment":[{"href":"https:\/\/regionordvest.ro\/en\/wp-json\/wp\/v2\/media?parent=9411"}],"wp:term":[{"taxonomy":"category","embeddable":true,"href":"https:\/\/regionordvest.ro\/en\/wp-json\/wp\/v2\/categories?post=9411"},{"taxonomy":"post_tag","embeddable":true,"href":"https:\/\/regionordvest.ro\/en\/wp-json\/wp\/v2\/tags?post=9411"}],"curies":[{"name":"wp","href":"https:\/\/api.w.org\/{rel}","templated":true}]}}