{"id":9328,"date":"2025-07-04T14:00:39","date_gmt":"2025-07-04T11:00:39","guid":{"rendered":"https:\/\/regionordvest.ro\/?p=9328"},"modified":"2025-08-14T14:22:00","modified_gmt":"2025-08-14T11:22:00","slug":"salina-turda-se-extinde-mina-iosif-va-deveni-un-nou-punct-de-atractie-turistica-printr-un-contract-de-peste-25-de-milioane-de-euro-finantat-prin-pr-nv-2021-2027","status":"publish","type":"post","link":"https:\/\/regionordvest.ro\/en\/salina-turda-se-extinde-mina-iosif-va-deveni-un-nou-punct-de-atractie-turistica-printr-un-contract-de-peste-25-de-milioane-de-euro-finantat-prin-pr-nv-2021-2027\/","title":{"rendered":"Salina Turda se extinde: Mina Iosif va deveni un nou punct de atrac\u021bie turistic\u0103, printr-un contract de peste 25 de milioane de euro finan\u021bat \u00een cadrul Programului Regional Nord-Vest 2021\u20132027"},"content":{"rendered":"<section class=\"l-section wpb_row height_small\"><div class=\"l-section-h i-cf\"><div class=\"g-cols via_grid cols_2-1 laptops-cols_inherit tablets-cols_inherit mobiles-cols_1 valign_top type_default\"><div class=\"wpb_column vc_column_container\"><div class=\"vc_column-inner\"><div class=\"wpb_text_column\"><div class=\"wpb_wrapper\"><p style=\"text-align: justify;\">Salina Turda se preg\u0103te\u0219te pentru o nou\u0103 etap\u0103 \u00een dezvoltarea sa. Proiectul cu o valoare de peste <strong>25 de milioane de euro<\/strong>, al c\u0103rui contract a fost semnat \u00eentre ADR Nord-Vest \u0219i Prim\u0103ria Municipiului Turda, include investi\u021bii prin care Mina Iosif va fi transformat\u0103 \u00eentr-un nou spa\u021biu turistic, iar baza de tratament va fi modernizat\u0103 complet.<\/p>\n<p style=\"text-align: justify;\">Interven\u021biile vor permite accesul vizitatorilor \u00een Mina Iosif printr-un circuit extins care conecteaz\u0103 galeriile Terezia, Rudolf \u0219i Franz Josef. Se vor monta ascensoare panoramice, pasarele \u0219i platforme de observa\u021bie, iar o construc\u021bie spectaculoas\u0103 va redefini zona central\u0103 a minei. \u00cen paralel, baza de tratament va fi adaptat\u0103 noilor cerin\u021be \u00een turismul de s\u0103n\u0103tate, pentru a pune \u00een valoare microclimatul subteran unic.<\/p>\n<p style=\"text-align: justify;\">Proiectul va aduce beneficii directe locuitorilor din Turda, prin crearea unui spa\u021biu modern pentru relaxare, tratament \u0219i activit\u0103\u021bi culturale. \u00cen acela\u0219i timp, se estimeaz\u0103 o cre\u0219tere cu <strong>20%<\/strong> a num\u0103rului de vizitatori dup\u0103 implementarea proiectului, fiind a\u0219tepta\u021bi cel pu\u021bin <strong>750.000 de turi\u0219ti anual<\/strong>. Investi\u021bia contribuie la regenerarea urban\u0103 a ora\u0219ului, la dezvoltarea economiei locale \u0219i la consolidarea pozi\u021biei Turzii ca destina\u021bie de referin\u021b\u0103 \u00een turismul balnear \u0219i cultural din Rom\u00e2nia.<\/p>\n<p style=\"text-align: justify;\">Proiectul <strong>\u201eDezvoltarea turistic\u0103 a Salinei Turda prin amenajarea Minei Iosif \u0219i prin modernizarea bazei de tratament \u2013 cod SMIS 319993\u201d<\/strong> este finan\u021bat prin Prioritatea 7 \u2013 \u201eO regiune atractiv\u0103\u201d, \u00een cadrul Programului Regional Nord-Vest 2021\u20132027, \u0219i contribuie la obiectivul de politic\u0103 5 \u2013 \u201eO Europ\u0103 mai aproape de cet\u0103\u021beni\u201d.<\/p>\n<\/div><\/div><\/div><\/div><div class=\"wpb_column vc_column_container\"><div class=\"vc_column-inner\"><div class=\"w-image align_none\"><div class=\"w-image-h\"><img loading=\"lazy\" decoding=\"async\" width=\"1500\" height=\"1258\" src=\"https:\/\/regionordvest.ro\/wp-content\/uploads\/2025\/07\/319993-Salina-Turda-Turda-CJ.png\" class=\"attachment-full size-full\" alt=\"\" srcset=\"https:\/\/regionordvest.ro\/wp-content\/uploads\/2025\/07\/319993-Salina-Turda-Turda-CJ.png 1500w, https:\/\/regionordvest.ro\/wp-content\/uploads\/2025\/07\/319993-Salina-Turda-Turda-CJ-300x252.png 300w, https:\/\/regionordvest.ro\/wp-content\/uploads\/2025\/07\/319993-Salina-Turda-Turda-CJ-1024x859.png 1024w, https:\/\/regionordvest.ro\/wp-content\/uploads\/2025\/07\/319993-Salina-Turda-Turda-CJ-14x12.png 14w, https:\/\/regionordvest.ro\/wp-content\/uploads\/2025\/07\/319993-Salina-Turda-Turda-CJ-477x400.png 477w, https:\/\/regionordvest.ro\/wp-content\/uploads\/2025\/07\/319993-Salina-Turda-Turda-CJ-470x394.png 470w\" sizes=\"auto, (max-width: 1500px) 100vw, 1500px\" \/><\/div><\/div><\/div><\/div><\/div><\/div><\/section>","protected":false},"excerpt":{"rendered":"Salina Turda se preg\u0103te\u0219te pentru o nou\u0103 etap\u0103 \u00een dezvoltarea sa. Proiectul cu o valoare de peste 25 de milioane de euro, al c\u0103rui contract a fost semnat \u00eentre ADR Nord-Vest \u0219i Prim\u0103ria Municipiului Turda, include investi\u021bii prin care Mina Iosif va fi transformat\u0103 \u00eentr-un nou spa\u021biu turistic, iar baza de tratament va fi modernizat\u0103...","protected":false},"author":10,"featured_media":9330,"comment_status":"closed","ping_status":"open","sticky":false,"template":"","format":"standard","meta":{"footnotes":""},"categories":[23,64,3],"tags":[],"class_list":["post-9328","post","type-post","status-publish","format-standard","has-post-thumbnail","hentry","category-contract","category-judetul-cluj","category-por-2021-2027"],"_links":{"self":[{"href":"https:\/\/regionordvest.ro\/en\/wp-json\/wp\/v2\/posts\/9328","targetHints":{"allow":["GET"]}}],"collection":[{"href":"https:\/\/regionordvest.ro\/en\/wp-json\/wp\/v2\/posts"}],"about":[{"href":"https:\/\/regionordvest.ro\/en\/wp-json\/wp\/v2\/types\/post"}],"author":[{"embeddable":true,"href":"https:\/\/regionordvest.ro\/en\/wp-json\/wp\/v2\/users\/10"}],"replies":[{"embeddable":true,"href":"https:\/\/regionordvest.ro\/en\/wp-json\/wp\/v2\/comments?post=9328"}],"version-history":[{"count":2,"href":"https:\/\/regionordvest.ro\/en\/wp-json\/wp\/v2\/posts\/9328\/revisions"}],"predecessor-version":[{"id":9331,"href":"https:\/\/regionordvest.ro\/en\/wp-json\/wp\/v2\/posts\/9328\/revisions\/9331"}],"wp:featuredmedia":[{"embeddable":true,"href":"https:\/\/regionordvest.ro\/en\/wp-json\/wp\/v2\/media\/9330"}],"wp:attachment":[{"href":"https:\/\/regionordvest.ro\/en\/wp-json\/wp\/v2\/media?parent=9328"}],"wp:term":[{"taxonomy":"category","embeddable":true,"href":"https:\/\/regionordvest.ro\/en\/wp-json\/wp\/v2\/categories?post=9328"},{"taxonomy":"post_tag","embeddable":true,"href":"https:\/\/regionordvest.ro\/en\/wp-json\/wp\/v2\/tags?post=9328"}],"curies":[{"name":"wp","href":"https:\/\/api.w.org\/{rel}","templated":true}]}}