{"id":8927,"date":"2024-07-01T13:12:32","date_gmt":"2024-07-01T10:12:32","guid":{"rendered":"https:\/\/regionordvest.ro\/?p=8927"},"modified":"2025-08-14T14:28:42","modified_gmt":"2025-08-14T11:28:42","slug":"municipiul-dej-devine-mai-verde-si-mai-accesibil-printr-un-proiect-de-1-milion-de-euro-finantat-prin-programul-regional-nord-vest-2021-2027","status":"publish","type":"post","link":"https:\/\/regionordvest.ro\/en\/municipiul-dej-devine-mai-verde-si-mai-accesibil-printr-un-proiect-de-1-milion-de-euro-finantat-prin-programul-regional-nord-vest-2021-2027\/","title":{"rendered":"Municipiul Dej devine mai verde \u0219i mai accesibil printr-un proiect de 1 milion de euro finan\u021bat din Programul Regional Nord-Vest 2021\u20132027"},"content":{"rendered":"<section class=\"l-section wpb_row height_small\"><div class=\"l-section-h i-cf\"><div class=\"g-cols via_grid cols_2-1 laptops-cols_inherit tablets-cols_inherit mobiles-cols_1 valign_top type_default\"><div class=\"wpb_column vc_column_container\"><div class=\"vc_column-inner\"><div class=\"wpb_text_column\"><div class=\"wpb_wrapper\"><p style=\"text-align: justify;\" data-pm-slice=\"1 1 &#091;&#093;\">Dejenii vor avea un ora\u0219 mai curat, mai prietenos cu locuitorii \u0219i cu mediul, datorit\u0103 proiectului al c\u0103rui contract a fost semnat \u00eentre ADR Nord-Vest \u0219i Prim\u0103ria Municipiului Dej. Cu o investi\u021bie de aproximativ <strong>1 milion de euro<\/strong>, se modernizeaz\u0103 transportul public, se extind traseele pentru pietoni \u0219i bicicli\u0219ti \u0219i se creeaz\u0103 un sistem de mobilitate urban\u0103 mai sigur \u0219i mai eficient.<\/p>\n<p style=\"text-align: justify;\">Str\u0103zile reabilitate vor deveni mai prietenoase pentru to\u021bi participan\u021bii din trafic, adic\u0103 pietoni, bicicli\u0219ti \u0219i pasageri ai transportului public. Se modernizeaz\u0103 <strong>29 de str\u0103zi<\/strong>, se amenajeaz\u0103 aproape <strong>35.000 metri p\u0103tra\u021bi de trotuare<\/strong> \u0219i peste <strong>2 km de piste<\/strong> pentru biciclete. Se construie\u0219te un centru de transfer intermodal care va facilita deplasarea cu mijloace de transport ecologice, iar spa\u021biile verzi vor fi extinse cu peste <strong>62.000 metri p\u0103tra\u021bi<\/strong>, pentru a face din ora\u0219 unul mai respirabil \u0219i mai pl\u0103cut pentru to\u021bi. Reducerea emisiilor de dioxid de carbon cu peste <strong>240 de tone pe an<\/strong> \u00eenseamn\u0103 echivalentul a peste <strong>11.000 de copaci planta\u021bi, <\/strong>\u0219i reprezint\u0103\u00a0un beneficiu concret pentru aerul pe care \u00eel respir\u0103m \u0219i pentru s\u0103n\u0103tatea comunit\u0103\u021bii.<\/p>\n<p style=\"text-align: justify;\">Proiectul <strong>\u201e\u00cembun\u0103t\u0103\u021birea transportului public \u0219i nemotorizat \u00een municipiul Dej \u2013 Cod SMIS 324087\u201d<\/strong> este finan\u021bat prin Prioritatea 4 \u2013 O regiune cu mobilitate urban\u0103 multimodal\u0103 durabil\u0103, din cadrul Programului Regional Nord-Vest 2021\u20132027, \u0219i contribuie la obiectivul \u201eO Europ\u0103 mai verde\u201d. Finalizarea lucr\u0103rilor este estimat\u0103 pentru sf\u00e2r\u0219itul anului 2024.<\/p>\n<\/div><\/div><\/div><\/div><div class=\"wpb_column vc_column_container\"><div class=\"vc_column-inner\"><div class=\"w-image align_center\"><div class=\"w-image-h\"><img loading=\"lazy\" decoding=\"async\" width=\"1500\" height=\"1258\" src=\"https:\/\/regionordvest.ro\/wp-content\/uploads\/2025\/03\/324087-Imbunatatire-transport-Dej-CJ.png\" class=\"attachment-full size-full\" alt=\"\" srcset=\"https:\/\/regionordvest.ro\/wp-content\/uploads\/2025\/03\/324087-Imbunatatire-transport-Dej-CJ.png 1500w, https:\/\/regionordvest.ro\/wp-content\/uploads\/2025\/03\/324087-Imbunatatire-transport-Dej-CJ-300x252.png 300w, https:\/\/regionordvest.ro\/wp-content\/uploads\/2025\/03\/324087-Imbunatatire-transport-Dej-CJ-1024x859.png 1024w, https:\/\/regionordvest.ro\/wp-content\/uploads\/2025\/03\/324087-Imbunatatire-transport-Dej-CJ-14x12.png 14w, https:\/\/regionordvest.ro\/wp-content\/uploads\/2025\/03\/324087-Imbunatatire-transport-Dej-CJ-477x400.png 477w, https:\/\/regionordvest.ro\/wp-content\/uploads\/2025\/03\/324087-Imbunatatire-transport-Dej-CJ-470x394.png 470w\" sizes=\"auto, (max-width: 1500px) 100vw, 1500px\" \/><\/div><\/div><\/div><\/div><\/div><\/div><\/section>","protected":false},"excerpt":{"rendered":"Dejenii vor avea un ora\u0219 mai curat, mai prietenos cu locuitorii \u0219i cu mediul, datorit\u0103 proiectului al c\u0103rui contract a fost semnat \u00eentre ADR Nord-Vest \u0219i Prim\u0103ria Municipiului Dej. Cu o investi\u021bie de aproximativ 1 milion de euro, se modernizeaz\u0103 transportul public, se extind traseele pentru pietoni \u0219i bicicli\u0219ti \u0219i se creeaz\u0103 un sistem de...","protected":false},"author":10,"featured_media":8929,"comment_status":"closed","ping_status":"open","sticky":false,"template":"","format":"standard","meta":{"footnotes":""},"categories":[23,64,3],"tags":[],"class_list":["post-8927","post","type-post","status-publish","format-standard","has-post-thumbnail","hentry","category-contract","category-judetul-cluj","category-por-2021-2027"],"_links":{"self":[{"href":"https:\/\/regionordvest.ro\/en\/wp-json\/wp\/v2\/posts\/8927","targetHints":{"allow":["GET"]}}],"collection":[{"href":"https:\/\/regionordvest.ro\/en\/wp-json\/wp\/v2\/posts"}],"about":[{"href":"https:\/\/regionordvest.ro\/en\/wp-json\/wp\/v2\/types\/post"}],"author":[{"embeddable":true,"href":"https:\/\/regionordvest.ro\/en\/wp-json\/wp\/v2\/users\/10"}],"replies":[{"embeddable":true,"href":"https:\/\/regionordvest.ro\/en\/wp-json\/wp\/v2\/comments?post=8927"}],"version-history":[{"count":1,"href":"https:\/\/regionordvest.ro\/en\/wp-json\/wp\/v2\/posts\/8927\/revisions"}],"predecessor-version":[{"id":8930,"href":"https:\/\/regionordvest.ro\/en\/wp-json\/wp\/v2\/posts\/8927\/revisions\/8930"}],"wp:featuredmedia":[{"embeddable":true,"href":"https:\/\/regionordvest.ro\/en\/wp-json\/wp\/v2\/media\/8929"}],"wp:attachment":[{"href":"https:\/\/regionordvest.ro\/en\/wp-json\/wp\/v2\/media?parent=8927"}],"wp:term":[{"taxonomy":"category","embeddable":true,"href":"https:\/\/regionordvest.ro\/en\/wp-json\/wp\/v2\/categories?post=8927"},{"taxonomy":"post_tag","embeddable":true,"href":"https:\/\/regionordvest.ro\/en\/wp-json\/wp\/v2\/tags?post=8927"}],"curies":[{"name":"wp","href":"https:\/\/api.w.org\/{rel}","templated":true}]}}