{"id":8923,"date":"2024-06-26T16:00:07","date_gmt":"2024-06-26T13:00:07","guid":{"rendered":"https:\/\/regionordvest.ro\/?p=8923"},"modified":"2025-08-14T14:28:49","modified_gmt":"2025-08-14T11:28:49","slug":"fosta-judecatorie-din-turda-este-transformata-printr-un-proiect-de-peste-2-6-milioane-de-euro-finantat-in-cadrul-programului-regional-nord-vest-2021-2027","status":"publish","type":"post","link":"https:\/\/regionordvest.ro\/en\/fosta-judecatorie-din-turda-este-transformata-printr-un-proiect-de-peste-2-6-milioane-de-euro-finantat-in-cadrul-programului-regional-nord-vest-2021-2027\/","title":{"rendered":"Fosta Judec\u0103torie din Turda este transformat\u0103 printr-un proiect de peste 2,6 milioane de euro, finan\u021bat \u00een cadrul Programului Regional Nord-Vest 2021\u20132027"},"content":{"rendered":"<section class=\"l-section wpb_row height_small\"><div class=\"l-section-h i-cf\"><div class=\"g-cols via_grid cols_2-1 laptops-cols_inherit tablets-cols_inherit mobiles-cols_1 valign_top type_default\"><div class=\"wpb_column vc_column_container\"><div class=\"vc_column-inner\"><div class=\"wpb_text_column\"><div class=\"wpb_wrapper\"><p style=\"text-align: justify;\">Locuitorii din Turda vor avea, \u00een cur\u00e2nd, un nou spa\u021biu viu \u0219i primitor, dedicat culturii, artei \u0219i tradi\u021biilor locale, datorit\u0103 proiectului al c\u0103rui contract a fost semnat \u00eentre ADR Nord-Vest \u0219i Prim\u0103ria Municipiului Turda. Cl\u0103direa fostei Judec\u0103torii din Pia\u021ba Republicii va fi restaurat\u0103 \u0219i va prinde o nou\u0103 via\u021b\u0103 ca Centru de cultur\u0103, art\u0103 \u0219i tradi\u021bii. Aici vor avea loc expozi\u021bii, ateliere de crea\u021bie, spectacole de muzic\u0103 \u0219i dans, dar \u0219i activit\u0103\u021bi care pun \u00een valoare istoria \u0219i obiceiurile zonei.<\/p>\n<p style=\"text-align: justify;\">Curtea cl\u0103dirii va fi transformat\u0103 \u00eentr-un loc pl\u0103cut pentru evenimente \u0219i relaxare, cu b\u0103nci, flori, copaci \u0219i iluminat ambiental. \u00cen jurul fostei Judec\u0103torii vor fi modernizate trotuarele \u0219i aleile, astfel \u00eenc\u00e2t oamenii s\u0103 se poat\u0103 plimba u\u0219or \u0219i s\u0103 se bucure de un spa\u021biu prietenos \u00een mijlocul ora\u0219ului.<\/p>\n<p style=\"text-align: justify;\">Proiectul va aduce beneficii pentru \u00eentreaga comunitate, \u0219i anume peste <strong>47.000 de cet\u0103\u021beni<\/strong> din Turda vor putea participa la activit\u0103\u021bi culturale, iar peste <strong>3.500 de persoane<\/strong> aflate \u00een situa\u021bii mai dificile vor avea \u0219i ele acces la acest centru. Spa\u021biile renovate de aproape <strong>3.600 de metri p\u0103tra\u021bi<\/strong> \u00een cl\u0103dire \u0219i aproape <strong>2.000<\/strong> \u00een curte \u0219i pe str\u0103zile din apropiere \u2013 vor atrage \u0219i vizitatori care vor s\u0103 descopere ora\u0219ul altfel. Prin acest proiect, Turda \u00ee\u0219i pune \u00een valoare trecutul \u0219i \u00eel transform\u0103 \u00eentr-un loc deschis pentru to\u021bi, unde cultura aduce oamenii \u00eempreun\u0103.<\/p>\n<p style=\"text-align: justify;\">Proiectul <strong>\u201eRestaurarea, conservarea \u0219i reabilitarea cl\u0103dirii fostei Judec\u0103torii (P-\u021ba Republicii nr. 5) \u0219i redestinarea ei ca Centru de cultur\u0103, art\u0103 \u0219i tradi\u021bii \u2013 Cod SMIS 324931\u201d<\/strong> este finan\u021bat prin Prioritatea 7 \u2013 O regiune atractiv\u0103, din cadrul Programului Regional Nord-Vest 2021\u20132027, \u0219i contribuie la obiectivul de politic\u0103 \u201eO Europ\u0103 mai aproape de cet\u0103\u021beni\u201d. Finalizarea este estimat\u0103 pentru <strong>decembrie 2025<\/strong>.<\/p>\n<\/div><\/div><\/div><\/div><div class=\"wpb_column vc_column_container\"><div class=\"vc_column-inner\"><div class=\"w-image align_center\"><div class=\"w-image-h\"><img loading=\"lazy\" decoding=\"async\" width=\"1500\" height=\"1258\" src=\"https:\/\/regionordvest.ro\/wp-content\/uploads\/2025\/03\/324931-Reabilitare-Fosta-Judecatorie-Turda-CJ-Curte-Liceul-Tehnologic-Ionita-G.-Andron-Negresti-Oas-SM.png\" class=\"attachment-full size-full\" alt=\"\" srcset=\"https:\/\/regionordvest.ro\/wp-content\/uploads\/2025\/03\/324931-Reabilitare-Fosta-Judecatorie-Turda-CJ-Curte-Liceul-Tehnologic-Ionita-G.-Andron-Negresti-Oas-SM.png 1500w, https:\/\/regionordvest.ro\/wp-content\/uploads\/2025\/03\/324931-Reabilitare-Fosta-Judecatorie-Turda-CJ-Curte-Liceul-Tehnologic-Ionita-G.-Andron-Negresti-Oas-SM-300x252.png 300w, https:\/\/regionordvest.ro\/wp-content\/uploads\/2025\/03\/324931-Reabilitare-Fosta-Judecatorie-Turda-CJ-Curte-Liceul-Tehnologic-Ionita-G.-Andron-Negresti-Oas-SM-1024x859.png 1024w, https:\/\/regionordvest.ro\/wp-content\/uploads\/2025\/03\/324931-Reabilitare-Fosta-Judecatorie-Turda-CJ-Curte-Liceul-Tehnologic-Ionita-G.-Andron-Negresti-Oas-SM-14x12.png 14w, https:\/\/regionordvest.ro\/wp-content\/uploads\/2025\/03\/324931-Reabilitare-Fosta-Judecatorie-Turda-CJ-Curte-Liceul-Tehnologic-Ionita-G.-Andron-Negresti-Oas-SM-477x400.png 477w, https:\/\/regionordvest.ro\/wp-content\/uploads\/2025\/03\/324931-Reabilitare-Fosta-Judecatorie-Turda-CJ-Curte-Liceul-Tehnologic-Ionita-G.-Andron-Negresti-Oas-SM-470x394.png 470w\" sizes=\"auto, (max-width: 1500px) 100vw, 1500px\" \/><\/div><\/div><\/div><\/div><\/div><\/div><\/section>","protected":false},"excerpt":{"rendered":"Locuitorii din Turda vor avea, \u00een cur\u00e2nd, un nou spa\u021biu viu \u0219i primitor, dedicat culturii, artei \u0219i tradi\u021biilor locale, datorit\u0103 proiectului al c\u0103rui contract a fost semnat \u00eentre ADR Nord-Vest \u0219i Prim\u0103ria Municipiului Turda. Cl\u0103direa fostei Judec\u0103torii din Pia\u021ba Republicii va fi restaurat\u0103 \u0219i va prinde o nou\u0103 via\u021b\u0103 ca Centru de cultur\u0103, art\u0103 \u0219i...","protected":false},"author":10,"featured_media":8924,"comment_status":"closed","ping_status":"open","sticky":false,"template":"","format":"standard","meta":{"footnotes":""},"categories":[23,64,3],"tags":[],"class_list":["post-8923","post","type-post","status-publish","format-standard","has-post-thumbnail","hentry","category-contract","category-judetul-cluj","category-por-2021-2027"],"_links":{"self":[{"href":"https:\/\/regionordvest.ro\/en\/wp-json\/wp\/v2\/posts\/8923","targetHints":{"allow":["GET"]}}],"collection":[{"href":"https:\/\/regionordvest.ro\/en\/wp-json\/wp\/v2\/posts"}],"about":[{"href":"https:\/\/regionordvest.ro\/en\/wp-json\/wp\/v2\/types\/post"}],"author":[{"embeddable":true,"href":"https:\/\/regionordvest.ro\/en\/wp-json\/wp\/v2\/users\/10"}],"replies":[{"embeddable":true,"href":"https:\/\/regionordvest.ro\/en\/wp-json\/wp\/v2\/comments?post=8923"}],"version-history":[{"count":2,"href":"https:\/\/regionordvest.ro\/en\/wp-json\/wp\/v2\/posts\/8923\/revisions"}],"predecessor-version":[{"id":8926,"href":"https:\/\/regionordvest.ro\/en\/wp-json\/wp\/v2\/posts\/8923\/revisions\/8926"}],"wp:featuredmedia":[{"embeddable":true,"href":"https:\/\/regionordvest.ro\/en\/wp-json\/wp\/v2\/media\/8924"}],"wp:attachment":[{"href":"https:\/\/regionordvest.ro\/en\/wp-json\/wp\/v2\/media?parent=8923"}],"wp:term":[{"taxonomy":"category","embeddable":true,"href":"https:\/\/regionordvest.ro\/en\/wp-json\/wp\/v2\/categories?post=8923"},{"taxonomy":"post_tag","embeddable":true,"href":"https:\/\/regionordvest.ro\/en\/wp-json\/wp\/v2\/tags?post=8923"}],"curies":[{"name":"wp","href":"https:\/\/api.w.org\/{rel}","templated":true}]}}