{"id":8217,"date":"2024-10-08T14:39:07","date_gmt":"2024-10-08T11:39:07","guid":{"rendered":"https:\/\/regionordvest.ro\/?p=8217"},"modified":"2025-08-14T15:35:52","modified_gmt":"2025-08-14T12:35:52","slug":"orasul-alesd-face-tranzitia-spre-transportul-verde-cu-o-investitie-de-peste-10-milioane-de-euro-in-cadrul-programului-regional-nord-vest-2021-2027","status":"publish","type":"post","link":"https:\/\/regionordvest.ro\/en\/orasul-alesd-face-tranzitia-spre-transportul-verde-cu-o-investitie-de-peste-10-milioane-de-euro-in-cadrul-programului-regional-nord-vest-2021-2027\/","title":{"rendered":"Ora\u0219ul Ale\u0219d face tranzi\u021bia spre transportul verde cu o investi\u021bie de peste 10 milioane de euro \u00een cadrul Programului Regional Nord-Vest 2021-2027"},"content":{"rendered":"<section class=\"l-section wpb_row height_small\"><div class=\"l-section-h i-cf\"><div class=\"g-cols via_grid cols_2-1 laptops-cols_inherit tablets-cols_inherit mobiles-cols_1 valign_top type_default\"><div class=\"wpb_column vc_column_container\"><div class=\"vc_column-inner\"><div class=\"wpb_text_column\"><div class=\"wpb_wrapper\"><p style=\"text-align: justify;\">Proiectul al c\u0103rui contract de finan\u021bare a fost semnat \u00eentre ADR Nord-Vest \u0219i Prim\u0103ria Ale\u0219d are ca obiective reducerea emisiilor de CO\u2082 \u0219i s\u0103 ofere locuitorilor modalit\u0103\u021bi de transport nepoluant \u0219i accesibil. Nout\u0103\u021bile aduse includ amenajarea a aproape 9,5 km de trotuare \u0219i piste de biciclete, astfel \u00eenc\u00e2t mersul pe jos \u0219i cu bicicleta s\u0103 fie mai confortabile \u0219i sigure pentru toat\u0103 lumea. \u00cen plus, vor fi disponibile 20 de biciclete, care pot fi \u00eenchiriate din dou\u0103 puncte cheie ale ora\u0219ului, care vor deveni o alternativ\u0103 u\u0219oar\u0103 la transportul cu ma\u0219ina.<\/p>\n<p style=\"text-align: justify;\">Dezvoltarea a peste 14.000 metri p\u0103tra\u021bi de spa\u021bii verzi \u0219i plantarea a sute de arbori contribuie nu doar la frumuse\u021bea ora\u0219ului, ci \u0219i la un aer mai curat \u0219i un ambient mai lini\u0219tit. Aceast\u0103 investi\u021bie sprijin\u0103 s\u0103n\u0103tatea locuitorilor, prin diminuarea efectelor cauzate de poluare, cu beneficii pe termen lung pentru genera\u021biile viitoare. Pe l\u00e2ng\u0103 un ora\u0219 mai curat \u0219i mai s\u0103n\u0103tos, Ale\u0219d se aliniaz\u0103 cu viziunea european\u0103 pentru un viitor sustenabil \u0219i un stil de via\u021b\u0103 mai ecologic. Acest proiect reprezint\u0103 un pas esen\u021bial spre un ora\u0219 prietenos cu mediul, pas care va fi \u00eendeplinit p\u00e2n\u0103 la finalizarea acestuia \u00een februarie 2029.<\/p>\n<p style=\"text-align: justify;\"><strong>Proiectul \u201eCoridor de mobilitate urban\u0103: Ale\u0219d Sud \u2013 Ale\u0219d Nord \u2013 Cod SMIS 301406\u201d,<\/strong> este finan\u021bat prin Prioritatea 4 \u2013 O regiune cu mobilitate urban\u0103 multimodal\u0103 durabil\u0103 din cadrul Programului Regional Nord-Vest 2021-2027,\u00a0 \u0219i corespunde obiectivului de politic\u0103 \u2013 O Europ\u0103 mai verde.<\/p>\n<\/div><\/div><\/div><\/div><div class=\"wpb_column vc_column_container\"><div class=\"vc_column-inner\"><div class=\"w-image align_none\"><div class=\"w-image-h\"><img loading=\"lazy\" decoding=\"async\" width=\"1500\" height=\"1258\" src=\"https:\/\/regionordvest.ro\/wp-content\/uploads\/2024\/10\/301406-Alesd.png\" class=\"attachment-full size-full\" alt=\"\" srcset=\"https:\/\/regionordvest.ro\/wp-content\/uploads\/2024\/10\/301406-Alesd.png 1500w, https:\/\/regionordvest.ro\/wp-content\/uploads\/2024\/10\/301406-Alesd-300x252.png 300w, https:\/\/regionordvest.ro\/wp-content\/uploads\/2024\/10\/301406-Alesd-1024x859.png 1024w, https:\/\/regionordvest.ro\/wp-content\/uploads\/2024\/10\/301406-Alesd-14x12.png 14w, https:\/\/regionordvest.ro\/wp-content\/uploads\/2024\/10\/301406-Alesd-477x400.png 477w, https:\/\/regionordvest.ro\/wp-content\/uploads\/2024\/10\/301406-Alesd-470x394.png 470w\" sizes=\"auto, (max-width: 1500px) 100vw, 1500px\" \/><\/div><\/div><\/div><\/div><\/div><\/div><\/section>","protected":false},"excerpt":{"rendered":"Proiectul al c\u0103rui contract de finan\u021bare a fost semnat \u00eentre ADR Nord-Vest \u0219i Prim\u0103ria Ale\u0219d are ca obiective reducerea emisiilor de CO\u2082 \u0219i s\u0103 ofere locuitorilor modalit\u0103\u021bi de transport nepoluant \u0219i accesibil. Nout\u0103\u021bile aduse includ amenajarea a aproape 9,5 km de trotuare \u0219i piste de biciclete, astfel \u00eenc\u00e2t mersul pe jos \u0219i cu bicicleta s\u0103...","protected":false},"author":10,"featured_media":8219,"comment_status":"closed","ping_status":"open","sticky":false,"template":"","format":"standard","meta":{"footnotes":""},"categories":[23,67,3],"tags":[],"class_list":["post-8217","post","type-post","status-publish","format-standard","has-post-thumbnail","hentry","category-contract","category-judetul-bihor","category-por-2021-2027"],"_links":{"self":[{"href":"https:\/\/regionordvest.ro\/en\/wp-json\/wp\/v2\/posts\/8217","targetHints":{"allow":["GET"]}}],"collection":[{"href":"https:\/\/regionordvest.ro\/en\/wp-json\/wp\/v2\/posts"}],"about":[{"href":"https:\/\/regionordvest.ro\/en\/wp-json\/wp\/v2\/types\/post"}],"author":[{"embeddable":true,"href":"https:\/\/regionordvest.ro\/en\/wp-json\/wp\/v2\/users\/10"}],"replies":[{"embeddable":true,"href":"https:\/\/regionordvest.ro\/en\/wp-json\/wp\/v2\/comments?post=8217"}],"version-history":[{"count":2,"href":"https:\/\/regionordvest.ro\/en\/wp-json\/wp\/v2\/posts\/8217\/revisions"}],"predecessor-version":[{"id":8221,"href":"https:\/\/regionordvest.ro\/en\/wp-json\/wp\/v2\/posts\/8217\/revisions\/8221"}],"wp:featuredmedia":[{"embeddable":true,"href":"https:\/\/regionordvest.ro\/en\/wp-json\/wp\/v2\/media\/8219"}],"wp:attachment":[{"href":"https:\/\/regionordvest.ro\/en\/wp-json\/wp\/v2\/media?parent=8217"}],"wp:term":[{"taxonomy":"category","embeddable":true,"href":"https:\/\/regionordvest.ro\/en\/wp-json\/wp\/v2\/categories?post=8217"},{"taxonomy":"post_tag","embeddable":true,"href":"https:\/\/regionordvest.ro\/en\/wp-json\/wp\/v2\/tags?post=8217"}],"curies":[{"name":"wp","href":"https:\/\/api.w.org\/{rel}","templated":true}]}}