{"id":8213,"date":"2024-10-23T14:38:01","date_gmt":"2024-10-23T11:38:01","guid":{"rendered":"https:\/\/regionordvest.ro\/?p=8213"},"modified":"2025-08-14T14:38:43","modified_gmt":"2025-08-14T11:38:43","slug":"usamv-cluj-napoca-isi-modernizeaza-infrastructura-cu-o-investitie-de-aproape-9-milioane-de-euro-in-cadrul-programului-regional-nord-vest-2021-2027","status":"publish","type":"post","link":"https:\/\/regionordvest.ro\/en\/usamv-cluj-napoca-isi-modernizeaza-infrastructura-cu-o-investitie-de-aproape-9-milioane-de-euro-in-cadrul-programului-regional-nord-vest-2021-2027\/","title":{"rendered":"USAMV Cluj-Napoca \u00ee\u0219i modernizeaz\u0103 infrastructura cu o investi\u021bie de aproape 9 milioane de euro \u00een cadrul Programului Regional Nord-Vest 2021-2027"},"content":{"rendered":"<section class=\"l-section wpb_row height_small\"><div class=\"l-section-h i-cf\"><div class=\"g-cols via_grid cols_2-1 laptops-cols_inherit tablets-cols_inherit mobiles-cols_1 valign_top type_default\"><div class=\"wpb_column vc_column_container\"><div class=\"vc_column-inner\"><div class=\"wpb_text_column\"><div class=\"wpb_wrapper\"><p style=\"text-align: justify;\">Peste <strong>1.400<\/strong> de studen\u021bi, <strong>180<\/strong> de doctoranzi \u0219i <strong>200<\/strong> de cadre didactice de la Facultatea de Medicin\u0103 Veterinar\u0103 vor beneficia de un mediu de predare \u0219i \u00eenv\u0103\u021bare modernizat, datorit\u0103 contractului semnat \u00eentre ADR Nord-Vest \u0219i Universitatea de \u0218tiin\u021be Agricole \u0219i Medicin\u0103 Veterinar\u0103 Cluj-Napoca. Cl\u0103direa Pavilionului VI, Corp B, va fi reabilitat\u0103 \u0219i extins\u0103 cu \u00eenc\u0103 <strong>4.000<\/strong> de metri p\u0103tra\u021bi. Proiectul va crea noi spa\u021bii de \u00eenv\u0103\u021b\u0103m\u00e2nt, inclusiv 24 de laboratoare, 3 s\u0103li de curs \u0219i 5 s\u0103li de seminar, toate dotate cu echipamente moderne care s\u0103 r\u0103spund\u0103 nevoilor actuale din pia\u021b\u0103.<\/p>\n<p style=\"text-align: justify;\">Un obiectiv major al proiectului este crearea unui mediu educa\u021bional accesibil \u0219i incluziv. Cl\u0103direa va fi adaptat\u0103 pentru accesul ne\u00eengr\u0103dit al persoanelor cu dizabilit\u0103\u021bi. \u00cen plus, vor fi implementate sisteme de eficien\u021b\u0103 energetic\u0103 bazate pe energie regenerabil\u0103, pentru a sprijini dezvoltarea durabil\u0103 a universit\u0103\u021bii. Pe l\u00e2ng\u0103 beneficiile educa\u021bionale, proiectul va contribui pe termen lung la formarea unor noi genera\u021bii de profesioni\u0219ti veterinari, dedica\u021bi \u00eengrijirii animalelor.<\/p>\n<p style=\"text-align: justify;\">Proiectul <strong>\u201eDezvoltarea infrastructurii USAMV Cluj-Napoca, \u00een vederea cre\u0219terii caracterului calitativ \u0219i incluziv al procesului instructiv-educativ pentru studen\u021bii de la Medicin\u0103 Veterinar\u0103 \u2013 Cod SMIS 319698\u201d <\/strong>este finan\u021bat prin Prioritatea 6: O regiune educat\u0103, a Programului Regional Nord-Vest 2021-2027, \u0219i corespunde obiectivului Uniunii Europene \u201eO Europ\u0103 mai social\u0103.\u201d Lucr\u0103rile sunt programate s\u0103 fie finalizate \u00een septembrie 2027.<\/p>\n<\/div><\/div><\/div><\/div><div class=\"wpb_column vc_column_container\"><div class=\"vc_column-inner\"><div class=\"w-image align_none\"><div class=\"w-image-h\"><img loading=\"lazy\" decoding=\"async\" width=\"1500\" height=\"1258\" src=\"https:\/\/regionordvest.ro\/wp-content\/uploads\/2024\/10\/319698-USAMV-Cluj-Napoca.png\" class=\"attachment-full size-full\" alt=\"\" srcset=\"https:\/\/regionordvest.ro\/wp-content\/uploads\/2024\/10\/319698-USAMV-Cluj-Napoca.png 1500w, https:\/\/regionordvest.ro\/wp-content\/uploads\/2024\/10\/319698-USAMV-Cluj-Napoca-300x252.png 300w, https:\/\/regionordvest.ro\/wp-content\/uploads\/2024\/10\/319698-USAMV-Cluj-Napoca-1024x859.png 1024w, https:\/\/regionordvest.ro\/wp-content\/uploads\/2024\/10\/319698-USAMV-Cluj-Napoca-14x12.png 14w, https:\/\/regionordvest.ro\/wp-content\/uploads\/2024\/10\/319698-USAMV-Cluj-Napoca-477x400.png 477w, https:\/\/regionordvest.ro\/wp-content\/uploads\/2024\/10\/319698-USAMV-Cluj-Napoca-470x394.png 470w\" sizes=\"auto, (max-width: 1500px) 100vw, 1500px\" \/><\/div><\/div><\/div><\/div><\/div><\/div><\/section>","protected":false},"excerpt":{"rendered":"Peste 1.400 de studen\u021bi, 180 de doctoranzi \u0219i 200 de cadre didactice de la Facultatea de Medicin\u0103 Veterinar\u0103 vor beneficia de un mediu de predare \u0219i \u00eenv\u0103\u021bare modernizat, datorit\u0103 contractului semnat \u00eentre ADR Nord-Vest \u0219i Universitatea de \u0218tiin\u021be Agricole \u0219i Medicin\u0103 Veterinar\u0103 Cluj-Napoca. Cl\u0103direa Pavilionului VI, Corp B, va fi reabilitat\u0103 \u0219i extins\u0103 cu \u00eenc\u0103...","protected":false},"author":10,"featured_media":8214,"comment_status":"closed","ping_status":"open","sticky":false,"template":"","format":"standard","meta":{"footnotes":""},"categories":[23,64,3],"tags":[],"class_list":["post-8213","post","type-post","status-publish","format-standard","has-post-thumbnail","hentry","category-contract","category-judetul-cluj","category-por-2021-2027"],"_links":{"self":[{"href":"https:\/\/regionordvest.ro\/en\/wp-json\/wp\/v2\/posts\/8213","targetHints":{"allow":["GET"]}}],"collection":[{"href":"https:\/\/regionordvest.ro\/en\/wp-json\/wp\/v2\/posts"}],"about":[{"href":"https:\/\/regionordvest.ro\/en\/wp-json\/wp\/v2\/types\/post"}],"author":[{"embeddable":true,"href":"https:\/\/regionordvest.ro\/en\/wp-json\/wp\/v2\/users\/10"}],"replies":[{"embeddable":true,"href":"https:\/\/regionordvest.ro\/en\/wp-json\/wp\/v2\/comments?post=8213"}],"version-history":[{"count":2,"href":"https:\/\/regionordvest.ro\/en\/wp-json\/wp\/v2\/posts\/8213\/revisions"}],"predecessor-version":[{"id":8216,"href":"https:\/\/regionordvest.ro\/en\/wp-json\/wp\/v2\/posts\/8213\/revisions\/8216"}],"wp:featuredmedia":[{"embeddable":true,"href":"https:\/\/regionordvest.ro\/en\/wp-json\/wp\/v2\/media\/8214"}],"wp:attachment":[{"href":"https:\/\/regionordvest.ro\/en\/wp-json\/wp\/v2\/media?parent=8213"}],"wp:term":[{"taxonomy":"category","embeddable":true,"href":"https:\/\/regionordvest.ro\/en\/wp-json\/wp\/v2\/categories?post=8213"},{"taxonomy":"post_tag","embeddable":true,"href":"https:\/\/regionordvest.ro\/en\/wp-json\/wp\/v2\/tags?post=8213"}],"curies":[{"name":"wp","href":"https:\/\/api.w.org\/{rel}","templated":true}]}}