{"id":8208,"date":"2024-10-10T14:36:02","date_gmt":"2024-10-10T11:36:02","guid":{"rendered":"https:\/\/regionordvest.ro\/?p=8208"},"modified":"2025-08-14T14:38:10","modified_gmt":"2025-08-14T11:38:10","slug":"municipiul-zalau-revitalizeaza-zona-cet-printr-un-proiect-de-11-milioane-de-euro-in-cadrul-programului-regional-nord-vest-2021-2027","status":"publish","type":"post","link":"https:\/\/regionordvest.ro\/en\/municipiul-zalau-revitalizeaza-zona-cet-printr-un-proiect-de-11-milioane-de-euro-in-cadrul-programului-regional-nord-vest-2021-2027\/","title":{"rendered":"Municipiul Zal\u0103u revitalizeaz\u0103 zona CET printr-un proiect de 11 milioane de euro \u00een cadrul Programului Regional Nord-Vest 2021-2027"},"content":{"rendered":"<section class=\"l-section wpb_row height_small\"><div class=\"l-section-h i-cf\"><div class=\"g-cols via_grid cols_2-1 laptops-cols_inherit tablets-cols_inherit mobiles-cols_1 valign_top type_default\"><div class=\"wpb_column vc_column_container\"><div class=\"vc_column-inner\"><div class=\"wpb_text_column\"><div class=\"wpb_wrapper\"><p style=\"text-align: justify;\">Locuitorii din Zal\u0103u vor beneficia de un spa\u021biu urban complet regenerat \u00een zona CET, datorit\u0103 unui contract semnat \u00eentre ADR Nord-Vest \u0219i Prim\u0103ria Municipiului Zal\u0103u. Proiectul va transforma peste <strong>34.000<\/strong> de metri p\u0103tra\u021bi de teren degradat \u00eentr-o zon\u0103 atractiv\u0103, sigur\u0103 \u0219i plin\u0103 de facilit\u0103\u021bi moderne. Aproape <strong>67.000<\/strong> de locuitori vor avea acces la noi spa\u021bii verzi, trasee pietonale, piste de biciclete \u0219i zone de relaxare concepute pentru toate v\u00e2rstele. Spa\u021biile recreative includ locuri de joac\u0103 pentru copii \u0219i terenuri de sport, care vor oferi fiec\u0103rui locuitor un loc potrivit pentru relaxare.<\/p>\n<p style=\"text-align: justify;\">Pentru siguran\u021ba comunit\u0103\u021bii, se vor instala un sistem de supraveghere video \u0219i iluminat public modern, \u00eempreun\u0103 cu puncte de acces Wi-Fi gratuit. Proiectul prevede lucr\u0103ri ample pentru demolarea structurilor vechi, reamenajarea terenului \u0219i crearea unui sistem automatizat de iriga\u021bii pentru a men\u021bine spa\u021biile verzi atractive pe tot parcursul anului. Vegeta\u021bia nou\u0103 va include arbori \u0219i arbu\u0219ti decorativi, care vor contribui la \u00eembun\u0103t\u0103\u021birea calit\u0103\u021bii aerului \u0219i vor crea un col\u021b de natur\u0103 \u00een inima ora\u0219ului.<\/p>\n<p style=\"text-align: justify;\">La finalizarea lucr\u0103rilor, preconizat\u0103 pentru <strong>februarie 2028<\/strong>, zona CET Zal\u0103u va deveni o oaz\u0103 verde \u0219i lini\u0219tit\u0103, destinat\u0103 evenimentelor culturale \u0219i sociale. Suprafa\u021ba reabilitat\u0103 va transforma Zal\u0103ul \u00eentr-un mediu urban mai verde, mai sigur \u0219i mai atr\u0103g\u0103tor pentru to\u021bi locuitorii s\u0103i.<\/p>\n<p style=\"text-align: justify;\"><strong>\u201eRegenerare urban\u0103 zona CET Zal\u0103u \u2013 Cod SMIS 308455\u201d<\/strong> este un proiect finan\u021bat prin Prioritatea 7 \u2013 O regiune atractiv\u0103 din cadrul Programului Regional Nord-Vest 2021-2027 \u0219i corespunde obiectivului de politic\u0103 5 \u2013 O Europ\u0103 mai aproape de cet\u0103\u021beni.<\/p>\n<\/div><\/div><\/div><\/div><div class=\"wpb_column vc_column_container\"><div class=\"vc_column-inner\"><div class=\"w-image align_none\"><div class=\"w-image-h\"><img loading=\"lazy\" decoding=\"async\" width=\"1500\" height=\"1258\" src=\"https:\/\/regionordvest.ro\/wp-content\/uploads\/2024\/10\/308455-Regenerare-CET-Zalau.png\" class=\"attachment-full size-full\" alt=\"\" srcset=\"https:\/\/regionordvest.ro\/wp-content\/uploads\/2024\/10\/308455-Regenerare-CET-Zalau.png 1500w, https:\/\/regionordvest.ro\/wp-content\/uploads\/2024\/10\/308455-Regenerare-CET-Zalau-300x252.png 300w, https:\/\/regionordvest.ro\/wp-content\/uploads\/2024\/10\/308455-Regenerare-CET-Zalau-1024x859.png 1024w, https:\/\/regionordvest.ro\/wp-content\/uploads\/2024\/10\/308455-Regenerare-CET-Zalau-14x12.png 14w, https:\/\/regionordvest.ro\/wp-content\/uploads\/2024\/10\/308455-Regenerare-CET-Zalau-477x400.png 477w, https:\/\/regionordvest.ro\/wp-content\/uploads\/2024\/10\/308455-Regenerare-CET-Zalau-470x394.png 470w\" sizes=\"auto, (max-width: 1500px) 100vw, 1500px\" \/><\/div><\/div><\/div><\/div><\/div><\/div><\/section>","protected":false},"excerpt":{"rendered":"Locuitorii din Zal\u0103u vor beneficia de un spa\u021biu urban complet regenerat \u00een zona CET, datorit\u0103 unui contract semnat \u00eentre ADR Nord-Vest \u0219i Prim\u0103ria Municipiului Zal\u0103u. Proiectul va transforma peste 34.000 de metri p\u0103tra\u021bi de teren degradat \u00eentr-o zon\u0103 atractiv\u0103, sigur\u0103 \u0219i plin\u0103 de facilit\u0103\u021bi moderne. Aproape 67.000 de locuitori vor avea acces la noi spa\u021bii...","protected":false},"author":10,"featured_media":8209,"comment_status":"closed","ping_status":"open","sticky":false,"template":"","format":"standard","meta":{"footnotes":""},"categories":[23,69,3],"tags":[],"class_list":["post-8208","post","type-post","status-publish","format-standard","has-post-thumbnail","hentry","category-contract","category-judetul-salaj","category-por-2021-2027"],"_links":{"self":[{"href":"https:\/\/regionordvest.ro\/en\/wp-json\/wp\/v2\/posts\/8208","targetHints":{"allow":["GET"]}}],"collection":[{"href":"https:\/\/regionordvest.ro\/en\/wp-json\/wp\/v2\/posts"}],"about":[{"href":"https:\/\/regionordvest.ro\/en\/wp-json\/wp\/v2\/types\/post"}],"author":[{"embeddable":true,"href":"https:\/\/regionordvest.ro\/en\/wp-json\/wp\/v2\/users\/10"}],"replies":[{"embeddable":true,"href":"https:\/\/regionordvest.ro\/en\/wp-json\/wp\/v2\/comments?post=8208"}],"version-history":[{"count":2,"href":"https:\/\/regionordvest.ro\/en\/wp-json\/wp\/v2\/posts\/8208\/revisions"}],"predecessor-version":[{"id":8211,"href":"https:\/\/regionordvest.ro\/en\/wp-json\/wp\/v2\/posts\/8208\/revisions\/8211"}],"wp:featuredmedia":[{"embeddable":true,"href":"https:\/\/regionordvest.ro\/en\/wp-json\/wp\/v2\/media\/8209"}],"wp:attachment":[{"href":"https:\/\/regionordvest.ro\/en\/wp-json\/wp\/v2\/media?parent=8208"}],"wp:term":[{"taxonomy":"category","embeddable":true,"href":"https:\/\/regionordvest.ro\/en\/wp-json\/wp\/v2\/categories?post=8208"},{"taxonomy":"post_tag","embeddable":true,"href":"https:\/\/regionordvest.ro\/en\/wp-json\/wp\/v2\/tags?post=8208"}],"curies":[{"name":"wp","href":"https:\/\/api.w.org\/{rel}","templated":true}]}}