{"id":8167,"date":"2024-10-04T11:00:10","date_gmt":"2024-10-04T08:00:10","guid":{"rendered":"https:\/\/regionordvest.ro\/?p=8167"},"modified":"2024-10-23T14:38:09","modified_gmt":"2024-10-23T11:38:09","slug":"comunicat-de-presa-finalizarea-proiectului-sprijin-pentru-adr-nord-vest-in-calitate-de-autoritate-de-management-pentru-implementarea-prnv-2021-2027-in-perioada-2024-2025","status":"publish","type":"post","link":"https:\/\/regionordvest.ro\/en\/comunicat-de-presa-finalizarea-proiectului-sprijin-pentru-adr-nord-vest-in-calitate-de-autoritate-de-management-pentru-implementarea-prnv-2021-2027-in-perioada-2024-2025\/","title":{"rendered":"Comunicat de pres\u0103 finalizarea proiectului &#8222;Sprijin pentru ADR Nord-Vest, \u00een calitate de Autoritate de Management, pentru implementarea Programului Regional Nord- Vest \u00een Regiunea de Dezvoltare Nord-Vest, \u00een perioada 2024-2025&#8221;"},"content":{"rendered":"<section class=\"l-section wpb_row height_small\"><div class=\"l-section-h i-cf\"><div class=\"g-cols via_grid cols_1 laptops-cols_inherit tablets-cols_inherit mobiles-cols_1 valign_top type_default\"><div class=\"wpb_column vc_column_container\"><div class=\"vc_column-inner\"><div class=\"w-image align_center\"><div class=\"w-image-h\"><img loading=\"lazy\" decoding=\"async\" width=\"1500\" height=\"1258\" src=\"https:\/\/regionordvest.ro\/wp-content\/uploads\/2024\/10\/AT2_Inceput.png\" class=\"attachment-full size-full\" alt=\"\" srcset=\"https:\/\/regionordvest.ro\/wp-content\/uploads\/2024\/10\/AT2_Inceput.png 1500w, https:\/\/regionordvest.ro\/wp-content\/uploads\/2024\/10\/AT2_Inceput-300x252.png 300w, https:\/\/regionordvest.ro\/wp-content\/uploads\/2024\/10\/AT2_Inceput-1024x859.png 1024w, https:\/\/regionordvest.ro\/wp-content\/uploads\/2024\/10\/AT2_Inceput-14x12.png 14w, https:\/\/regionordvest.ro\/wp-content\/uploads\/2024\/10\/AT2_Inceput-477x400.png 477w, https:\/\/regionordvest.ro\/wp-content\/uploads\/2024\/10\/AT2_Inceput-470x394.png 470w\" sizes=\"auto, (max-width: 1500px) 100vw, 1500px\" \/><\/div><\/div><div class=\"wpb_text_column\"><div class=\"wpb_wrapper\"><p style=\"text-align: right;\">Data: octombrie 2024<\/p>\n<\/div><\/div><div class=\"wpb_text_column\"><div class=\"wpb_wrapper\"><p style=\"text-align: justify;\">Agen\u021bia de Dezvoltare Regional\u0103 Nord-Vest, \u00een calitate de Autoritate de Management pentru Programul Regional Nord-Vest 2021-2027, comunic\u0103 lansarea proiectului <strong>\u201eSprijin pentru ADR Nord-Vest, \u00een calitate de Autoritate de Management, pentru implementarea Programului Regional Nord- Vest \u00een Regiunea de Dezvoltare Nord-Vest, \u00een perioada 2024-2025 \u2013 Cod SMIS 329373\u201d<\/strong>. Proiectul este finan\u021bat prin Programul Regional Nord-Vest, <strong>Obiectivul de Politic\u0103<\/strong>: Asisten\u021b\u0103 Tehnic\u0103, <strong>Prioritatea 8<\/strong>: Asisten\u021b\u0103 Tehnic\u0103, cu Obiectivul Specific: ATa_Asigurarea sprijinului necesar pentru preg\u0103tirea, implementarea, monitorizarea \u0219i controlul PR NV, cre\u0219terea capacit\u0103\u021bii administrative a beneficiarilor PR NV, elaborarea de evalu\u0103ri, studii \u0219i analize \u0219i activit\u0103\u021bi de informare \u0219i comunicare.<\/p>\n<p style=\"text-align: justify;\"><strong>Obiectivul general<\/strong> al proiectului este reprezentat de asigurarea sprijinului financiar necesar Agen\u021biei de Dezvoltare Regional\u0103 Nord-Vest, \u00een perioada 2024-2025, pentru realizarea activit\u0103\u021bilor specifice Autorit\u0103\u021bii de Management pentru Programul Regional Nord-Vest 2021-2027 \u00een Regiunea Nord- Vest.<\/p>\n<p style=\"text-align: justify;\"><strong>Obiectivele specifice<\/strong> ale proiectului sunt:<\/p>\n<ul style=\"text-align: justify;\">\n<li>Asigurarea sprijinului financiar pentru ADR Nord-Vest, \u00een calitate de Autoritate de Management pentru Programul Regional Nord-Vest 2021-2027, \u00een vederea desf\u0103\u0219ur\u0103rii activit\u0103\u021bilor specifice \u00een Regiunea Nord-Vest.<\/li>\n<li>Asigurarea inform\u0103rii \u0219i publicit\u0103\u021bii \u00een ceea ce prive\u0219te Programul Regional Nord-Vest 2021-2027, \u00een Regiunea Nord-Vest.<\/li>\n<\/ul>\n<p style=\"text-align: justify;\"><strong>Perioada de implementare<\/strong> a proiectului este de 24 luni, respectiv \u00eentre 01.01.2024 \u0219i 31.12.2025.<\/p>\n<p style=\"text-align: justify;\"><strong>Valoarea total\u0103 a proiectului este de 131.896.013,64 lei, <\/strong>sum\u0103 ce provine \u00een integralitate din \u00a0Fondul European de Dezvoltare Regional\u0103.<\/p>\n<\/div><\/div><\/div><\/div><\/div><\/div><\/section>","protected":false},"excerpt":{"rendered":"Data: octombrie 2024 Agen\u021bia de Dezvoltare Regional\u0103 Nord-Vest, \u00een calitate de Autoritate de Management pentru Programul Regional Nord-Vest 2021-2027, comunic\u0103 lansarea proiectului \u201eSprijin pentru ADR Nord-Vest, \u00een calitate de Autoritate de Management, pentru implementarea Programului Regional Nord- Vest \u00een Regiunea de Dezvoltare Nord-Vest, \u00een perioada 2024-2025 \u2013 Cod SMIS 329373\u201d. Proiectul este finan\u021bat prin Programul...","protected":false},"author":10,"featured_media":8162,"comment_status":"closed","ping_status":"open","sticky":false,"template":"","format":"standard","meta":{"footnotes":""},"categories":[3,23],"tags":[],"class_list":["post-8167","post","type-post","status-publish","format-standard","has-post-thumbnail","hentry","category-por-2021-2027","category-contract"],"_links":{"self":[{"href":"https:\/\/regionordvest.ro\/en\/wp-json\/wp\/v2\/posts\/8167","targetHints":{"allow":["GET"]}}],"collection":[{"href":"https:\/\/regionordvest.ro\/en\/wp-json\/wp\/v2\/posts"}],"about":[{"href":"https:\/\/regionordvest.ro\/en\/wp-json\/wp\/v2\/types\/post"}],"author":[{"embeddable":true,"href":"https:\/\/regionordvest.ro\/en\/wp-json\/wp\/v2\/users\/10"}],"replies":[{"embeddable":true,"href":"https:\/\/regionordvest.ro\/en\/wp-json\/wp\/v2\/comments?post=8167"}],"version-history":[{"count":1,"href":"https:\/\/regionordvest.ro\/en\/wp-json\/wp\/v2\/posts\/8167\/revisions"}],"predecessor-version":[{"id":8168,"href":"https:\/\/regionordvest.ro\/en\/wp-json\/wp\/v2\/posts\/8167\/revisions\/8168"}],"wp:featuredmedia":[{"embeddable":true,"href":"https:\/\/regionordvest.ro\/en\/wp-json\/wp\/v2\/media\/8162"}],"wp:attachment":[{"href":"https:\/\/regionordvest.ro\/en\/wp-json\/wp\/v2\/media?parent=8167"}],"wp:term":[{"taxonomy":"category","embeddable":true,"href":"https:\/\/regionordvest.ro\/en\/wp-json\/wp\/v2\/categories?post=8167"},{"taxonomy":"post_tag","embeddable":true,"href":"https:\/\/regionordvest.ro\/en\/wp-json\/wp\/v2\/tags?post=8167"}],"curies":[{"name":"wp","href":"https:\/\/api.w.org\/{rel}","templated":true}]}}