{"id":7979,"date":"2024-09-25T15:15:20","date_gmt":"2024-09-25T12:15:20","guid":{"rendered":"https:\/\/regionordvest.ro\/?p=7979"},"modified":"2025-08-14T14:23:23","modified_gmt":"2025-08-14T11:23:23","slug":"simleu-silvaniei-se-transforma-intr-o-localitate-prietenoasa-cu-mediul-printr-o-investitie-de-20-de-milioane-de-euro-in-cadrul-programului-regional-nord-vest-2021-2027","status":"publish","type":"post","link":"https:\/\/regionordvest.ro\/en\/simleu-silvaniei-se-transforma-intr-o-localitate-prietenoasa-cu-mediul-printr-o-investitie-de-20-de-milioane-de-euro-in-cadrul-programului-regional-nord-vest-2021-2027\/","title":{"rendered":"\u0218imleu Silvaniei se transform\u0103 \u00eentr-o localitate prietenoas\u0103 cu mediul printr-o investi\u021bie de 20 de milioane de euro \u00een cadrul Programului Regional Nord-Vest 2021-2027."},"content":{"rendered":"<section class=\"l-section wpb_row height_small\"><div class=\"l-section-h i-cf\"><div class=\"g-cols via_grid cols_2-1 laptops-cols_inherit tablets-cols_inherit mobiles-cols_1 valign_top type_default\"><div class=\"wpb_column vc_column_container\"><div class=\"vc_column-inner\"><div class=\"wpb_text_column\"><div class=\"wpb_wrapper\"><p style=\"text-align: justify;\">Cei <strong>14.000 de locuitori<\/strong> vor avea ocazia s\u0103 se bucure de un ora\u0219 mai ecologic, dotat cu mijloace de transport nepoluante datorit\u0103 unui contract semnat \u00eentre ADR Nord-Vest \u0219i Prim\u0103ria \u0218imleu Silvaniei. Vor fi construi\u021bi \u0219i moderniza\u021bi aproape <strong>8 km de piste<\/strong> de biciclete care va cre\u0219te cu <strong>50% num\u0103rul de cicli\u0219ti<\/strong> din localitate, p\u00e2n\u0103 <strong>la 130.000 de utilizatori pe an<\/strong>. Sistemul de bike-sharing va \u00eencuraja mi\u0219carea nemotorizat\u0103. To\u021bi cet\u0103\u021benii vor avea acces la o flot\u0103 de autobuze electrice care va ajuta ora\u0219ul s\u0103 fie mai curat \u0219i mai silen\u021bios, efectul pe termen lung fiind reducerea cu <strong>20% a emisiilor de CO<sub>2<\/sub><\/strong>. Iar pentru a facilita toate schimb\u0103rile din ora\u0219 \u0219i zece str\u0103zi vor fi adaptate pentru a \u00eencuraja transportul alternativ \u0219i nepoluant, inclusiv amenajarea traseelor pietonale dintr-o parte \u00een alta a localit\u0103\u021bii. Sta\u021biile de \u00eenc\u0103rcare electrice vor sus\u021bine \u0219i noile sta\u021bii de a\u0219teptare a transportului public, iar sistemul de e-ticketing va \u00eencuraja \u00eentreaga popula\u021bie s\u0103 aleag\u0103 microbuzele verzi.<\/p>\n<p style=\"text-align: justify;\">Un sistem de semaforizare inteligent\u0103 va completa toate aceste investi\u021bii \u0219i va face ca tot traficul din \u0218imleu Silvaniei s\u0103 se desf\u0103\u0219oare \u00een condi\u021bii moderne \u0219i f\u0103r\u0103 timpi de a\u0219teptare. Siguran\u021ba locuitorilor este \u0219i ea sporit\u0103 prin sistemele de supraveghere video din fiecare punct esen\u021bial al ora\u0219ului. La finalul proiectului preconizat pentru <strong>luna decembrie 2027<\/strong>, ora\u0219ul va deveni mai verde \u0219i mai primitor, preg\u0103tit pentru un viitor sustenabil, cu noi spa\u021bii verzi, iluminat public modern \u0219i mobilier urban confortabil.<\/p>\n<p style=\"text-align: justify;\">Proiectul \u201eCoridor de mobilitate urban\u0103 \u00een ora\u0219ul \u0218imleu Silvaniei \u2013 Cod SMIS 301395\u201d este finan\u021bat prin Prioritatea 4 \u2013 O regiune cu mobilitate urban\u0103 multimodal\u0103 durabil\u0103 \u0219i corespunde obiectivului de politic\u0103 O Europ\u0103 mai verde.<\/p>\n<\/div><\/div><\/div><\/div><div class=\"wpb_column vc_column_container\"><div class=\"vc_column-inner\"><div class=\"w-image align_center meta_simple\"><div class=\"w-image-h\"><img loading=\"lazy\" decoding=\"async\" width=\"1500\" height=\"1258\" src=\"https:\/\/regionordvest.ro\/wp-content\/uploads\/2024\/09\/301395-Coridor-Simleu-Silvaniei.png\" class=\"attachment-full size-full\" alt=\"\" srcset=\"https:\/\/regionordvest.ro\/wp-content\/uploads\/2024\/09\/301395-Coridor-Simleu-Silvaniei.png 1500w, https:\/\/regionordvest.ro\/wp-content\/uploads\/2024\/09\/301395-Coridor-Simleu-Silvaniei-300x252.png 300w, https:\/\/regionordvest.ro\/wp-content\/uploads\/2024\/09\/301395-Coridor-Simleu-Silvaniei-1024x859.png 1024w, https:\/\/regionordvest.ro\/wp-content\/uploads\/2024\/09\/301395-Coridor-Simleu-Silvaniei-14x12.png 14w, https:\/\/regionordvest.ro\/wp-content\/uploads\/2024\/09\/301395-Coridor-Simleu-Silvaniei-477x400.png 477w, https:\/\/regionordvest.ro\/wp-content\/uploads\/2024\/09\/301395-Coridor-Simleu-Silvaniei-470x394.png 470w\" sizes=\"auto, (max-width: 1500px) 100vw, 1500px\" \/><\/div><div class=\"w-image-meta\"><div class=\"w-image-title\">Imagine generat\u0103 cu ajutorul AI<\/div><\/div><\/div><\/div><\/div><\/div><\/div><\/section>","protected":false},"excerpt":{"rendered":"Cei 14.000 de locuitori vor avea ocazia s\u0103 se bucure de un ora\u0219 mai ecologic, dotat cu mijloace de transport nepoluante datorit\u0103 unui contract semnat \u00eentre ADR Nord-Vest \u0219i Prim\u0103ria \u0218imleu Silvaniei. Vor fi construi\u021bi \u0219i moderniza\u021bi aproape 8 km de piste de biciclete care va cre\u0219te cu 50% num\u0103rul de cicli\u0219ti din localitate, p\u00e2n\u0103...","protected":false},"author":10,"featured_media":7982,"comment_status":"closed","ping_status":"open","sticky":false,"template":"","format":"standard","meta":{"footnotes":""},"categories":[23,69,3],"tags":[],"class_list":["post-7979","post","type-post","status-publish","format-standard","has-post-thumbnail","hentry","category-contract","category-judetul-salaj","category-por-2021-2027"],"_links":{"self":[{"href":"https:\/\/regionordvest.ro\/en\/wp-json\/wp\/v2\/posts\/7979","targetHints":{"allow":["GET"]}}],"collection":[{"href":"https:\/\/regionordvest.ro\/en\/wp-json\/wp\/v2\/posts"}],"about":[{"href":"https:\/\/regionordvest.ro\/en\/wp-json\/wp\/v2\/types\/post"}],"author":[{"embeddable":true,"href":"https:\/\/regionordvest.ro\/en\/wp-json\/wp\/v2\/users\/10"}],"replies":[{"embeddable":true,"href":"https:\/\/regionordvest.ro\/en\/wp-json\/wp\/v2\/comments?post=7979"}],"version-history":[{"count":5,"href":"https:\/\/regionordvest.ro\/en\/wp-json\/wp\/v2\/posts\/7979\/revisions"}],"predecessor-version":[{"id":7990,"href":"https:\/\/regionordvest.ro\/en\/wp-json\/wp\/v2\/posts\/7979\/revisions\/7990"}],"wp:featuredmedia":[{"embeddable":true,"href":"https:\/\/regionordvest.ro\/en\/wp-json\/wp\/v2\/media\/7982"}],"wp:attachment":[{"href":"https:\/\/regionordvest.ro\/en\/wp-json\/wp\/v2\/media?parent=7979"}],"wp:term":[{"taxonomy":"category","embeddable":true,"href":"https:\/\/regionordvest.ro\/en\/wp-json\/wp\/v2\/categories?post=7979"},{"taxonomy":"post_tag","embeddable":true,"href":"https:\/\/regionordvest.ro\/en\/wp-json\/wp\/v2\/tags?post=7979"}],"curies":[{"name":"wp","href":"https:\/\/api.w.org\/{rel}","templated":true}]}}