{"id":7593,"date":"2024-08-30T14:38:46","date_gmt":"2024-08-30T11:38:46","guid":{"rendered":"https:\/\/regionordvest.ro\/?p=7593"},"modified":"2025-08-14T14:26:07","modified_gmt":"2025-08-14T11:26:07","slug":"seini-devine-mai-verde-si-mai-atractiv-datorita-unui-contract-de-6-milioane-de-euro-in-cadrul-programului-regional-nord-vest-2021-2027","status":"publish","type":"post","link":"https:\/\/regionordvest.ro\/en\/seini-devine-mai-verde-si-mai-atractiv-datorita-unui-contract-de-6-milioane-de-euro-in-cadrul-programului-regional-nord-vest-2021-2027\/","title":{"rendered":"Seini devine mai verde \u0219i mai atractiv datorit\u0103 unui contract de 6 milioane de euro \u00een cadrul Programului Regional Nord-Vest 2021-2027"},"content":{"rendered":"<section class=\"l-section wpb_row height_small\"><div class=\"l-section-h i-cf\"><div class=\"g-cols via_grid cols_2-1 laptops-cols_inherit tablets-cols_inherit mobiles-cols_1 valign_top type_default\"><div class=\"wpb_column vc_column_container\"><div class=\"vc_column-inner\"><div class=\"wpb_text_column\"><div class=\"wpb_wrapper\"><p style=\"text-align: justify;\">Locuitorii din Seini se vor bucura \u00een cur\u00e2nd de un nou parc modern, o oaz\u0103 de lini\u0219te \u0219i relaxare ce va fi amenajat\u0103 pe terenurile dezafectate ale fostei ferme avicole din ora\u0219. Pentru realizarea acestui parc vor fi folosite fonduri europene \u00een valoare de <strong>6 milioane de euro<\/strong>, iar la finalizarea investi\u021biei beneficiile vor fi multiple, deopotriv\u0103 pentru aspectul ora\u0219ului \u0219i pentru cre\u0219terea standardului de via\u021b\u0103 al reziden\u021bilor. Cei peste <strong>9000 de locuitori<\/strong> ai ora\u0219ului vor beneficia de peste <strong>30.000 de metri p\u0103tra\u021bi<\/strong> de spa\u021biu verde pentru relaxare \u0219i petrecerea timpului liber, iar un teren degradat \u0219i p\u0103r\u0103sit se transform\u0103 \u00eentr-o oaz\u0103 de verdea\u021b\u0103 ce va deveni \u00een timp un nou pl\u0103m\u00e2n verde pentru \u00eentreaga comunitate.<\/p>\n<p style=\"text-align: justify;\">\u00cen completarea amenaj\u0103rii parcului, p\u00e2n\u0103 la finalul implement\u0103rii proiectului, termen preconizat pentru luna <strong>decembrie 2026, <\/strong>spa\u021biile publice din ora\u0219 vor fi supuse unui proces de regenerare urban\u0103 prin care vor deveni mai atractive, mai sigure \u0219i \u00een ton cu cerin\u021bele \u0219i standardele europene de via\u021b\u0103.<\/p>\n<p style=\"text-align: justify;\">Proiectul <strong>\u201eAmenajare spa\u021biu public urban &#8211; ora\u0219ul Seini \u2013 Cod SMIS 303534\u201d <\/strong>este finan\u021bat prin Prioritatea 7 \u2013 O regiune atractiv\u0103 din cadrul Programului Regional Nord-Vest 2021-2027 \u0219i corespunde obiectivului de politic\u0103 5 \u2013 O Europ\u0103 mai aproape de cet\u0103\u021beni.<\/p>\n<\/div><\/div><\/div><\/div><div class=\"wpb_column vc_column_container\"><div class=\"vc_column-inner\"><div class=\"w-image align_center meta_simple\"><div class=\"w-image-h\"><img loading=\"lazy\" decoding=\"async\" width=\"1500\" height=\"1258\" src=\"https:\/\/regionordvest.ro\/wp-content\/uploads\/2024\/08\/303534-Amenajare-spatiu-public-Seini.png\" class=\"attachment-full size-full\" alt=\"\" srcset=\"https:\/\/regionordvest.ro\/wp-content\/uploads\/2024\/08\/303534-Amenajare-spatiu-public-Seini.png 1500w, https:\/\/regionordvest.ro\/wp-content\/uploads\/2024\/08\/303534-Amenajare-spatiu-public-Seini-300x252.png 300w, https:\/\/regionordvest.ro\/wp-content\/uploads\/2024\/08\/303534-Amenajare-spatiu-public-Seini-1024x859.png 1024w, https:\/\/regionordvest.ro\/wp-content\/uploads\/2024\/08\/303534-Amenajare-spatiu-public-Seini-14x12.png 14w, https:\/\/regionordvest.ro\/wp-content\/uploads\/2024\/08\/303534-Amenajare-spatiu-public-Seini-477x400.png 477w, https:\/\/regionordvest.ro\/wp-content\/uploads\/2024\/08\/303534-Amenajare-spatiu-public-Seini-470x394.png 470w\" sizes=\"auto, (max-width: 1500px) 100vw, 1500px\" \/><\/div><div class=\"w-image-meta\"><div class=\"w-image-title\">Imagine generat\u0103 cu ajutorul AI<\/div><\/div><\/div><\/div><\/div><\/div><\/div><\/section>","protected":false},"excerpt":{"rendered":"Locuitorii din Seini se vor bucura \u00een cur\u00e2nd de un nou parc modern, o oaz\u0103 de lini\u0219te \u0219i relaxare ce va fi amenajat\u0103 pe terenurile dezafectate ale fostei ferme avicole din ora\u0219. Pentru realizarea acestui parc vor fi folosite fonduri europene \u00een valoare de 6 milioane de euro, iar la finalizarea investi\u021biei beneficiile vor fi...","protected":false},"author":10,"featured_media":7642,"comment_status":"closed","ping_status":"open","sticky":false,"template":"","format":"standard","meta":{"footnotes":""},"categories":[23,66,3],"tags":[],"class_list":["post-7593","post","type-post","status-publish","format-standard","has-post-thumbnail","hentry","category-contract","category-judetul-maramures","category-por-2021-2027"],"_links":{"self":[{"href":"https:\/\/regionordvest.ro\/en\/wp-json\/wp\/v2\/posts\/7593","targetHints":{"allow":["GET"]}}],"collection":[{"href":"https:\/\/regionordvest.ro\/en\/wp-json\/wp\/v2\/posts"}],"about":[{"href":"https:\/\/regionordvest.ro\/en\/wp-json\/wp\/v2\/types\/post"}],"author":[{"embeddable":true,"href":"https:\/\/regionordvest.ro\/en\/wp-json\/wp\/v2\/users\/10"}],"replies":[{"embeddable":true,"href":"https:\/\/regionordvest.ro\/en\/wp-json\/wp\/v2\/comments?post=7593"}],"version-history":[{"count":3,"href":"https:\/\/regionordvest.ro\/en\/wp-json\/wp\/v2\/posts\/7593\/revisions"}],"predecessor-version":[{"id":7643,"href":"https:\/\/regionordvest.ro\/en\/wp-json\/wp\/v2\/posts\/7593\/revisions\/7643"}],"wp:featuredmedia":[{"embeddable":true,"href":"https:\/\/regionordvest.ro\/en\/wp-json\/wp\/v2\/media\/7642"}],"wp:attachment":[{"href":"https:\/\/regionordvest.ro\/en\/wp-json\/wp\/v2\/media?parent=7593"}],"wp:term":[{"taxonomy":"category","embeddable":true,"href":"https:\/\/regionordvest.ro\/en\/wp-json\/wp\/v2\/categories?post=7593"},{"taxonomy":"post_tag","embeddable":true,"href":"https:\/\/regionordvest.ro\/en\/wp-json\/wp\/v2\/tags?post=7593"}],"curies":[{"name":"wp","href":"https:\/\/api.w.org\/{rel}","templated":true}]}}