{"id":6174,"date":"2024-04-11T09:46:07","date_gmt":"2024-04-11T06:46:07","guid":{"rendered":"https:\/\/regionordvest.ro\/?p=6174"},"modified":"2025-08-14T14:33:20","modified_gmt":"2025-08-14T11:33:20","slug":"consiliul-judetean-bihor-a-semnat-primul-contract-pentru-crearea-unui-parc-de-specializare-inteligenta-in-regiunea-de-dezvoltare-nord-vest-in-orasul-alesd","status":"publish","type":"post","link":"https:\/\/regionordvest.ro\/en\/consiliul-judetean-bihor-a-semnat-primul-contract-pentru-crearea-unui-parc-de-specializare-inteligenta-in-regiunea-de-dezvoltare-nord-vest-in-orasul-alesd\/","title":{"rendered":"Consiliul Jude\u021bean Bihor a semnat primul contract pentru crearea unui Parc de Specializare Inteligent\u0103 \u00een Regiunea de Dezvoltare Nord-Vest \u00een ora\u0219ul Ale\u0219d"},"content":{"rendered":"<section class=\"l-section wpb_row height_small\"><div class=\"l-section-h i-cf\"><div class=\"g-cols via_grid cols_2-1 laptops-cols_inherit tablets-cols_inherit mobiles-cols_1 valign_top type_default\"><div class=\"wpb_column vc_column_container\"><div class=\"vc_column-inner\"><div class=\"wpb_text_column\"><div class=\"wpb_wrapper\"><p style=\"text-align: justify;\">A fost semnat contractul de finan\u021bare \u00een valoare de 4,3 milioane de euro pentru crearea parcului de specializare inteligent\u0103 din ora\u0219ul Ale\u0219d, primul din seria celor care vor contribui la \u00eenfiin\u021barea re\u021belei de parcuri \u00een care se vor instala companiile ce vor implementa solu\u021bii inovative \u00een domeniile de specializare inteligent\u0103: s\u0103n\u0103tate, cosmetice \u0219i suplimente alimentare, agroalimentar, tehnologii avansate de produc\u021bie, materiale noi \u0219i TIC. Aceste centre vor atrage for\u021b\u0103 de munc\u0103 \u00eenalt calificat\u0103 \u0219i bine pl\u0103tit\u0103, antreprenori care vor furniza \u00een \u00eentreaga lume produse de calitate \u0219i vor contribui la dezvoltarea economic\u0103 \u0219i cre\u0219terea standardului de via\u021b\u0103 din comunitate.<\/p>\n<p style=\"text-align: justify;\">Ne dorim ca regiunea noastr\u0103 s\u0103 fie cea mai competitiv\u0103 din \u021bar\u0103, \u00eentre cele mai dinamice \u0219i apreciate din Europa, o regiune cu un nivel ridicat de via\u021b\u0103 \u0219i extrem de atractiv\u0103 pentru investitori. Prin Programul Regional Nord-Vest 2021-2027 ne-am asumat un plan ambi\u021bios pentru a oferi ocazia localit\u0103\u021bilor din regiune, chiar \u0219i a celor din mediul rural, s\u0103 preg\u0103teasc\u0103 infrastructura necesar\u0103 pentru a primi companii \u0219i antreprenori care abordeaz\u0103 tehnologii avansate de produc\u021bie \u0219i \u00ee\u0219i bazeaz\u0103 activitatea pe cercetare continu\u0103 \u0219i inova\u021bie.<\/p>\n<p>\u00cen urm\u0103torii patru ani, cu sprijin financiar european de peste 30 de milioane de euro, cel pu\u021bin 15 localit\u0103\u021bi din Regiunea de Nord-Vest, chiar \u0219i comune, vor \u00eenfiin\u021ba parcuri de specializare inteligent\u0103, special destinate IMM-urilor inovative. \u00cen aceste loca\u021bii, tinerii \u0219i profesioni\u0219tii talenta\u021bi se pot al\u0103tura antreprenorilor care vor dezvolta afaceri \u00een mijlocul unor comunit\u0103\u021bi ce \u00eei a\u0219teapt\u0103 cu bra\u021bele deschise \u0219i sunt preg\u0103tite s\u0103 le acorde tot suportul necesar pentru a avea succes.<\/p>\n<\/div><\/div><\/div><\/div><div class=\"wpb_column vc_column_container\"><div class=\"vc_column-inner\"><div class=\"w-image align_none\"><div class=\"w-image-h\"><img loading=\"lazy\" decoding=\"async\" width=\"1219\" height=\"1022\" src=\"https:\/\/regionordvest.ro\/wp-content\/uploads\/2024\/04\/PSI-Alesd-1.png\" class=\"attachment-full size-full\" alt=\"\" srcset=\"https:\/\/regionordvest.ro\/wp-content\/uploads\/2024\/04\/PSI-Alesd-1.png 1219w, https:\/\/regionordvest.ro\/wp-content\/uploads\/2024\/04\/PSI-Alesd-1-300x252.png 300w, https:\/\/regionordvest.ro\/wp-content\/uploads\/2024\/04\/PSI-Alesd-1-1024x859.png 1024w, https:\/\/regionordvest.ro\/wp-content\/uploads\/2024\/04\/PSI-Alesd-1-14x12.png 14w, https:\/\/regionordvest.ro\/wp-content\/uploads\/2024\/04\/PSI-Alesd-1-477x400.png 477w, https:\/\/regionordvest.ro\/wp-content\/uploads\/2024\/04\/PSI-Alesd-1-470x394.png 470w\" sizes=\"auto, (max-width: 1219px) 100vw, 1219px\" \/><\/div><\/div><\/div><\/div><\/div><\/div><\/section><section class=\"l-section wpb_row height_small\"><div class=\"l-section-h i-cf\"><div class=\"g-cols via_grid cols_1 laptops-cols_inherit tablets-cols_inherit mobiles-cols_1 valign_top type_default\"><div class=\"wpb_column vc_column_container\"><div class=\"vc_column-inner\"><div class=\"wpb_text_column\"><div class=\"wpb_wrapper\"><p style=\"text-align: justify;\">Proiectul \u201c\u00ceNFIIN\u021aARE PARC DE SPECIALIZARE INTELIGENT\u0102 ALE\u0218D\u201d este finan\u021bat din Fondul European de Dezvoltare Regional\u0103 prin Programul Regional Nord-Vest 2021-2027, Prioritatea 1: O regiune competitiv\u0103 prin inovare, digitalizare \u0219i \u00eentreprinderi dinamice \u0219i corespunde Obiectivului de politic\u0103 1 al Uniunii Europene: O Europ\u0103 mai competitiv\u0103 \u0219i mai inteligent\u0103, prin promovarea unei transform\u0103ri economice inovatoare \u0219i inteligente \u0219i a conectivit\u0103\u021bii TIC regionale.<\/p>\n<\/div><\/div><div class=\"w-separator size_small with_line width_default thick_1 style_solid color_border align_center\"><div class=\"w-separator-h\"><\/div><\/div><div class=\"wpb_text_column\"><div class=\"wpb_wrapper\"><p style=\"text-align: justify;\">The North-West Regional Program 2021-2027 proposes interventions for the development of research, development, innovation and digitization capacity, increasing the energy performance of the existing public and residential building fund, capitalizing on degraded spaces at the city level, sustainable urban mobility, investments in the network of county roads and in the educational infrastructure, as well as actions to capitalize on the cultural, touristic and spa potential.<\/p>\n<p style=\"text-align: justify;\">In the financial year 2021-2027, public authorities and institutions, the business environment, the academic and research environment and NGOs can obtain funding.<\/p>\n<p style=\"text-align: justify;\">The Northwest Regional Program benefits from a total allocation of 1,437,252,471 euros.<\/p>\n<ul style=\"text-align: justify;\">\n<li>Priority 1: A competitive region through innovation, digitization and dynamic enterprises - total value: 327,904,956 euros<\/li>\n<li>Priority 2: A region with smart localities - total value: 60,332,872 euros<\/li>\n<li>Priority 3: A region with environmentally friendly localities - total value: 210,666,112 euros<\/li>\n<li>Priority 4: A region with sustainable multimodal urban mobility \u2013 total value: 305,155,751 euros<\/li>\n<li>Priority 5: An accessible region - total value: 184,978,708 euros<\/li>\n<li>Priority 6: An educated region - total value: 77,386,100 euros<\/li>\n<li>Priority 7: An attractive region - total value: 210,363,134 euros<\/li>\n<li>Technical assistance \u2013 total value: 60,464,838 euros<\/li>\n<\/ul>\n<p style=\"text-align: justify;\">More information about the Northwest Regional Program for 2021-2027 is available\u00a0<a role=\"link\" href=\"https:\/\/regionordvest.ro\/en\/programul-regional-nv\/\">here<\/a>, and the program can be consulted\u00a0<a role=\"link\" href=\"https:\/\/regionordvest.ro\/wp-content\/uploads\/2022\/10\/PR_NV_1.2_RO-1.pdf\">here<\/a>.<\/p>\n<\/div><\/div><\/div><\/div><\/div><\/div><\/section>","protected":false},"excerpt":{"rendered":"A fost semnat contractul de finan\u021bare \u00een valoare de 4,3 milioane de euro pentru crearea parcului de specializare inteligent\u0103 din ora\u0219ul Ale\u0219d, primul din seria celor care vor contribui la \u00eenfiin\u021barea re\u021belei de parcuri \u00een care se vor instala companiile ce vor implementa solu\u021bii inovative \u00een domeniile de specializare inteligent\u0103: s\u0103n\u0103tate, cosmetice \u0219i suplimente alimentare,...","protected":false},"author":10,"featured_media":6175,"comment_status":"closed","ping_status":"open","sticky":false,"template":"","format":"standard","meta":{"footnotes":""},"categories":[3,23,67,20],"tags":[],"class_list":["post-6174","post","type-post","status-publish","format-standard","has-post-thumbnail","hentry","category-por-2021-2027","category-contract","category-judetul-bihor","category-newsletter"],"_links":{"self":[{"href":"https:\/\/regionordvest.ro\/en\/wp-json\/wp\/v2\/posts\/6174","targetHints":{"allow":["GET"]}}],"collection":[{"href":"https:\/\/regionordvest.ro\/en\/wp-json\/wp\/v2\/posts"}],"about":[{"href":"https:\/\/regionordvest.ro\/en\/wp-json\/wp\/v2\/types\/post"}],"author":[{"embeddable":true,"href":"https:\/\/regionordvest.ro\/en\/wp-json\/wp\/v2\/users\/10"}],"replies":[{"embeddable":true,"href":"https:\/\/regionordvest.ro\/en\/wp-json\/wp\/v2\/comments?post=6174"}],"version-history":[{"count":7,"href":"https:\/\/regionordvest.ro\/en\/wp-json\/wp\/v2\/posts\/6174\/revisions"}],"predecessor-version":[{"id":8913,"href":"https:\/\/regionordvest.ro\/en\/wp-json\/wp\/v2\/posts\/6174\/revisions\/8913"}],"wp:featuredmedia":[{"embeddable":true,"href":"https:\/\/regionordvest.ro\/en\/wp-json\/wp\/v2\/media\/6175"}],"wp:attachment":[{"href":"https:\/\/regionordvest.ro\/en\/wp-json\/wp\/v2\/media?parent=6174"}],"wp:term":[{"taxonomy":"category","embeddable":true,"href":"https:\/\/regionordvest.ro\/en\/wp-json\/wp\/v2\/categories?post=6174"},{"taxonomy":"post_tag","embeddable":true,"href":"https:\/\/regionordvest.ro\/en\/wp-json\/wp\/v2\/tags?post=6174"}],"curies":[{"name":"wp","href":"https:\/\/api.w.org\/{rel}","templated":true}]}}