{"id":5728,"date":"2024-02-23T11:50:01","date_gmt":"2024-02-23T09:50:01","guid":{"rendered":"https:\/\/regionordvest.ro\/?p=5728"},"modified":"2025-08-14T14:34:04","modified_gmt":"2025-08-14T11:34:04","slug":"a-fost-semnat-proiectul-cresterea-eficientei-energetice-liceul-german-friedrich-schiller-cod-smis-300543-adr-nord-vest-uat-oradea","status":"publish","type":"post","link":"https:\/\/regionordvest.ro\/en\/a-fost-semnat-proiectul-cresterea-eficientei-energetice-liceul-german-friedrich-schiller-cod-smis-300543-adr-nord-vest-uat-oradea\/","title":{"rendered":"The project &quot;Increasing energy efficiency and intelligent energy management in public buildings intended for educational institutions - F. Schiller German Theoretical High School - SMIS Code 300543&quot; was signed between ADR Nord-Vest and UAT Oradea"},"content":{"rendered":"<section class=\"l-section wpb_row height_small\"><div class=\"l-section-h i-cf\"><div class=\"g-cols via_grid cols_2-1 laptops-cols_inherit tablets-cols_inherit mobiles-cols_1 valign_top type_default\"><div class=\"wpb_column vc_column_container\"><div class=\"vc_column-inner\"><div class=\"wpb_text_column\"><div class=\"wpb_wrapper\"><p style=\"text-align: justify;\">The financing contract was signed through which the 3 buildings of the &quot;Friedrich Schiller&quot; German High School in Oradea, the only school with German language teaching in Bihor county, will be completely rehabilitated.<\/p>\n<p style=\"text-align: justify;\">The project has a value of over 3 million euros and will be implemented by the Oradea City Hall through the Northwest Regional Program 2021-2027.<\/p>\n<p style=\"text-align: justify;\">The high school will completely change its appearance and enter the list of the most beautiful and modern educational institutions in the region. The investment puts a special emphasis on energy efficiency, that is why during the rehabilitation construction materials and technical solutions will be used that will ensure energy performance, and a smart management system will control down to the smallest details the continuous ventilation of the classrooms, the operation of the lighting fixtures or the air conditioning system.<\/p>\n<p style=\"text-align: justify;\">The project is financed by Priority 3 \u2013 A region with environmentally friendly localities within the Northwest Regional Program 2021-2027 and respects the New European Bauhaus initiative because it combines the principles of sustainability, resilience and aesthetics, according to the policy objective for a greener Europe.<\/p>\n<\/div><\/div><\/div><\/div><div class=\"wpb_column vc_column_container\"><div class=\"vc_column-inner\"><div class=\"w-image align_center\"><div class=\"w-image-h\"><img loading=\"lazy\" decoding=\"async\" width=\"1024\" height=\"859\" src=\"https:\/\/regionordvest.ro\/wp-content\/uploads\/2024\/02\/UAT-Oradea-Liceul-Schiller-Articol-Site-1-1024x859.png\" class=\"attachment-large size-large\" alt=\"\" srcset=\"https:\/\/regionordvest.ro\/wp-content\/uploads\/2024\/02\/UAT-Oradea-Liceul-Schiller-Articol-Site-1-1024x859.png 1024w, https:\/\/regionordvest.ro\/wp-content\/uploads\/2024\/02\/UAT-Oradea-Liceul-Schiller-Articol-Site-1-300x252.png 300w, https:\/\/regionordvest.ro\/wp-content\/uploads\/2024\/02\/UAT-Oradea-Liceul-Schiller-Articol-Site-1-14x12.png 14w, https:\/\/regionordvest.ro\/wp-content\/uploads\/2024\/02\/UAT-Oradea-Liceul-Schiller-Articol-Site-1-477x400.png 477w, https:\/\/regionordvest.ro\/wp-content\/uploads\/2024\/02\/UAT-Oradea-Liceul-Schiller-Articol-Site-1-470x394.png 470w, https:\/\/regionordvest.ro\/wp-content\/uploads\/2024\/02\/UAT-Oradea-Liceul-Schiller-Articol-Site-1.png 1219w\" sizes=\"auto, (max-width: 1024px) 100vw, 1024px\" \/><\/div><\/div><\/div><\/div><\/div><\/div><\/section><section class=\"l-section wpb_row height_small\"><div class=\"l-section-h i-cf\"><div class=\"g-cols via_grid cols_1 laptops-cols_inherit tablets-cols_inherit mobiles-cols_1 valign_top type_default\"><div class=\"wpb_column vc_column_container\"><div class=\"vc_column-inner\"><div class=\"w-separator size_small with_line width_default thick_1 style_solid color_border align_center\"><div class=\"w-separator-h\"><\/div><\/div><div class=\"wpb_text_column\"><div class=\"wpb_wrapper\"><p style=\"text-align: justify;\">The North-West Regional Program 2021-2027 proposes interventions for the development of research, development, innovation and digitization capacity, increasing the energy performance of the existing public and residential building fund, capitalizing on degraded spaces at the city level, sustainable urban mobility, investments in the network of county roads and in the educational infrastructure, as well as actions to capitalize on the cultural, touristic and spa potential.<\/p>\n<p style=\"text-align: justify;\">In the financial year 2021-2027, public authorities and institutions, the business environment, the academic and research environment and NGOs can obtain funding.<\/p>\n<p style=\"text-align: justify;\">The Northwest Regional Program benefits from a total allocation of 1,437,252,471 euros.<\/p>\n<ul>\n<li style=\"text-align: justify;\">Priority 1: A competitive region through innovation, digitization and dynamic enterprises - total value: 327,904,956 euros<\/li>\n<li style=\"text-align: justify;\">Priority 2: A region with smart localities - total value: 60,332,872 euros<\/li>\n<li style=\"text-align: justify;\">Priority 3: A region with environmentally friendly localities - total value: 210,666,112 euros<\/li>\n<li style=\"text-align: justify;\">Priority 4: A region with sustainable multimodal urban mobility \u2013 total value: 305,155,751 euros<\/li>\n<li style=\"text-align: justify;\">Priority 5: An accessible region - total value: 184,978,708 euros<\/li>\n<li style=\"text-align: justify;\">Priority 6: An educated region - total value: 77,386,100 euros<\/li>\n<li style=\"text-align: justify;\">Priority 7: An attractive region - total value: 210,363,134 euros<\/li>\n<li style=\"text-align: justify;\">Technical assistance \u2013 total value: 60,464,838 euros<\/li>\n<\/ul>\n<p style=\"text-align: justify;\">More information about the Northwest Regional Program for 2021-2027 is available <a href=\"https:\/\/regionordvest.ro\/en\/programul-regional-nv\/\">here<\/a>, and the program can be consulted <a href=\"https:\/\/regionordvest.ro\/wp-content\/uploads\/2022\/10\/PR_NV_1.2_RO-1.pdf\">here<\/a>.<\/p>\n<\/div><\/div><\/div><\/div><\/div><\/div><\/section>","protected":false},"excerpt":{"rendered":"A fost semnat contractul de finan\u021bare prin care vor fi complet reabilitate cele 3 corpuri de cl\u0103dire ale Liceului German &#8222;Friedrich Schiller&#8221; din Oradea, singura \u0219coal\u0103 cu predare \u00een limba german\u0103 din jude\u021bul Bihor. Proiectul are o valoare de peste 3 milioane de euro \u0219i va fi implementat de Prim\u0103ria Municipiului Oradea prin Programul Regional...","protected":false},"author":10,"featured_media":5729,"comment_status":"closed","ping_status":"open","sticky":false,"template":"","format":"standard","meta":{"footnotes":""},"categories":[3,23,67],"tags":[],"class_list":["post-5728","post","type-post","status-publish","format-standard","has-post-thumbnail","hentry","category-por-2021-2027","category-contract","category-judetul-bihor"],"_links":{"self":[{"href":"https:\/\/regionordvest.ro\/en\/wp-json\/wp\/v2\/posts\/5728","targetHints":{"allow":["GET"]}}],"collection":[{"href":"https:\/\/regionordvest.ro\/en\/wp-json\/wp\/v2\/posts"}],"about":[{"href":"https:\/\/regionordvest.ro\/en\/wp-json\/wp\/v2\/types\/post"}],"author":[{"embeddable":true,"href":"https:\/\/regionordvest.ro\/en\/wp-json\/wp\/v2\/users\/10"}],"replies":[{"embeddable":true,"href":"https:\/\/regionordvest.ro\/en\/wp-json\/wp\/v2\/comments?post=5728"}],"version-history":[{"count":3,"href":"https:\/\/regionordvest.ro\/en\/wp-json\/wp\/v2\/posts\/5728\/revisions"}],"predecessor-version":[{"id":5766,"href":"https:\/\/regionordvest.ro\/en\/wp-json\/wp\/v2\/posts\/5728\/revisions\/5766"}],"wp:featuredmedia":[{"embeddable":true,"href":"https:\/\/regionordvest.ro\/en\/wp-json\/wp\/v2\/media\/5729"}],"wp:attachment":[{"href":"https:\/\/regionordvest.ro\/en\/wp-json\/wp\/v2\/media?parent=5728"}],"wp:term":[{"taxonomy":"category","embeddable":true,"href":"https:\/\/regionordvest.ro\/en\/wp-json\/wp\/v2\/categories?post=5728"},{"taxonomy":"post_tag","embeddable":true,"href":"https:\/\/regionordvest.ro\/en\/wp-json\/wp\/v2\/tags?post=5728"}],"curies":[{"name":"wp","href":"https:\/\/api.w.org\/{rel}","templated":true}]}}