{"id":5587,"date":"2024-02-09T15:50:38","date_gmt":"2024-02-09T13:50:38","guid":{"rendered":"https:\/\/regionordvest.ro\/?p=5587"},"modified":"2024-02-14T11:25:54","modified_gmt":"2024-02-14T09:25:54","slug":"erata-set-corrigendum-ghidurile-solicitantului-312a-481a-481b","status":"publish","type":"post","link":"https:\/\/regionordvest.ro\/en\/erata-set-corrigendum-ghidurile-solicitantului-312a-481a-481b\/","title":{"rendered":"ERROR for a set of CORRIGENDUMS for Applicant Guides 312.A, 481.A, and 481.B"},"content":{"rendered":"<section class=\"l-section wpb_row height_small\"><div class=\"l-section-h i-cf\"><div class=\"g-cols via_grid cols_1 laptops-cols_inherit tablets-cols_inherit mobiles-cols_1 valign_top type_default\"><div class=\"wpb_column vc_column_container\"><div class=\"vc_column-inner\"><div class=\"wpb_text_column\"><div class=\"wpb_wrapper\"><div class=\"wpb_text_column\">\n<div class=\"wpb_wrapper\">\n<p style=\"text-align: justify;\">The North-West Regional Development Agency, as the Management Authority for the North-West Regional Program 2021-2027 (REGIO North-West), issues <strong>ERRATA <\/strong>for <strong>CORRIGENDUM no. 3<\/strong> related to the call for projects and <strong>PRNV\/2023\/312.A\/1, CORRIGENDUM no. 2\u00a0<\/strong>related to the call for projects and <strong>PRNV\/2023\/481.A\/1\u00a0<\/strong>and\u00a0<strong>CORRIGENDUM no. 2\u00a0<\/strong> related to the call for projects and\u00a0<strong>PRNV\/2023\/481.B\/1<\/strong>.<\/p>\n<\/div>\n<\/div>\n<\/div><\/div><div class=\"wpb_text_column\"><div class=\"wpb_wrapper\"><p style=\"text-align: justify;\"><span class=\"TextRun SCXW19889558 BCX0\" lang=\"RO-RO\" xml:lang=\"RO-RO\" data-contrast=\"auto\"><span class=\"NormalTextRun SCXW19889558 BCX0\">Given that<\/span><span class=\"NormalTextRun SCXW19889558 BCX0\"> in the <\/span><span class=\"NormalTextRun SpellingErrorV2Themed SCXW19889558 BCX0\">C<\/span><span class=\"NormalTextRun SpellingErrorV2Themed SCXW19889558 BCX0\">orrigendum<\/span><span class=\"NormalTextRun SCXW19889558 BCX0\"> from 29.01.2024<\/span><span class=\"NormalTextRun SCXW19889558 BCX0\"> for <\/span><span class=\"NormalTextRun SCXW19889558 BCX0\">APPEALS<\/span> <span class=\"NormalTextRun SCXW19889558 BCX0\">of projects <\/span><\/span><strong><span class=\"TextRun SCXW19889558 BCX0\" lang=\"RO-RO\" xml:lang=\"RO-RO\" data-contrast=\"none\"><a href=\"https:\/\/regionordvest.ro\/en\/apel-prnv-2023-312-a-1-1-sprijinirea-eficientei-energetice-in-cladirile-publice-inclusiv-cladiri-de-patrimoniu\/\"><span class=\"NormalTextRun SCXW19889558 BCX0\">PRNV\/2023\/<\/span><span class=\"NormalTextRun SCXW19889558 BCX0\">312.A<\/span><span class=\"NormalTextRun SCXW19889558 BCX0\">\/1<\/span><\/a><span class=\"NormalTextRun SCXW19889558 BCX0\">; <\/span><a href=\"https:\/\/regionordvest.ro\/en\/apel-prnv-2023-481-a-1-utilizarea-crescuta-a-transportului-public-si-a-altor-forme-de-mobilitate-urbana-ecologice-mobilitate-urbana-municipii-resedinta-de-judet\/\"><span class=\"NormalTextRun SCXW19889558 BCX0\">PRNV\/2023\/<\/span><span class=\"NormalTextRun SCXW19889558 BCX0\">481.A<\/span><span class=\"NormalTextRun SCXW19889558 BCX0\">\/1<\/span><\/a><span class=\"NormalTextRun SCXW19889558 BCX0\">; <\/span><a href=\"https:\/\/regionordvest.ro\/en\/apeluri-de-proiecte\/apel-prnv-2023-481-b-1-utilizarea-crescuta-a-transportului-public-si-a-altor-forme-de-mobilitate-urbana-ecologice-mobilitate-urbana\/\"><span class=\"NormalTextRun SCXW19889558 BCX0\">PRNV\/2023\/<\/span><span class=\"NormalTextRun SCXW19889558 BCX0\">481.B<\/span><\/a><span class=\"NormalTextRun SCXW19889558 BCX0\">\/1 <\/span><\/span><\/strong><span class=\"TextRun SCXW19889558 BCX0\" lang=\"RO-RO\" xml:lang=\"RO-RO\" data-contrast=\"auto\"><span class=\"NormalTextRun SCXW19889558 BCX0\">was identified<\/span><span class=\"NormalTextRun SCXW19889558 BCX0\">what a material error\u00a0<\/span><span class=\"NormalTextRun SCXW19889558 BCX0\"> namely <\/span><span class=\"NormalTextRun SCXW19889558 BCX0\">a mismatch between the Applicant Guide <\/span><span class=\"NormalTextRun SCXW19889558 BCX0\">and\u00a0<\/span> <\/span><span class=\"TextRun SCXW19889558 BCX0\" lang=\"RO-RO\" xml:lang=\"RO-RO\" data-contrast=\"auto\"><span class=\"NormalTextRun SCXW19889558 BCX0\">ANNEX <\/span><span class=\"NormalTextRun SCXW19889558 BCX0\">m<\/span><span class=\"NormalTextRun SCXW19889558 BCX0\">the correlation of the project budget with the general estimate of the investment <\/span><\/span><span class=\"TextRun SCXW19889558 BCX0\" lang=\"RO-RO\" xml:lang=\"RO-RO\" data-contrast=\"auto\"><span class=\"NormalTextRun SCXW19889558 BCX0\">in the <\/span><span class=\"NormalTextRun SCXW19889558 BCX0\">documents<\/span> <span class=\"NormalTextRun SCXW19889558 BCX0\">published <\/span><span class=\"NormalTextRun SCXW19889558 BCX0\">On <\/span><strong><span class=\"NormalTextRun SCXW19889558 BCX0\">29<\/span> <span class=\"NormalTextRun SCXW19889558 BCX0\">January<\/span> <span class=\"NormalTextRun SCXW19889558 BCX0\">2024.<\/span><\/strong><\/span><\/p>\n<\/div><\/div><div class=\"wpb_text_column\"><div class=\"wpb_wrapper\"><div class=\"wpb_text_column\">\n<div class=\"wpb_wrapper\">\n<div class=\"wpb_text_column\">\n<div class=\"wpb_wrapper\">\n<div class=\"wpb_text_column\">\n<div class=\"wpb_wrapper\">\n<div class=\"wpb_text_column\">\n<div class=\"wpb_wrapper\">\n<p class=\"5Normal\">According to the documents issued by the Management Authority, the provisions enter into force from the date of publication of this era on the website of the North-West Regional Program 2021-2027 <a role=\"link\" href=\"https:\/\/regionordvest.ro\/en\/\">www.regionordvest.ro<\/a>\u00a0in the specific section of this call for projects.<\/p>\n<\/div>\n<\/div>\n<\/div>\n<\/div>\n<\/div>\n<\/div>\n<\/div>\n<\/div>\n<\/div><\/div><div class=\"w-separator size_medium with_line width_default thick_1 style_solid color_border align_center\"><div class=\"w-separator-h\"><\/div><\/div><div class=\"wpb_text_column\"><div class=\"wpb_wrapper\"><p style=\"text-align: justify;\">The North-West Regional Program 2021-2027 proposes interventions for the development of research, development, innovation and digitization capacity, increasing the energy performance of the existing public and residential building fund, capitalizing on degraded spaces at the city level, sustainable urban mobility, investments in the network of county roads and in the educational infrastructure, as well as actions to capitalize on the cultural, touristic and spa potential.<\/p>\n<p style=\"text-align: justify;\">In the financial year 2021-2027, public authorities and institutions, the business environment, the academic and research environment and NGOs can obtain funding.<\/p>\n<p style=\"text-align: justify;\">The Northwest Regional Program benefits from a total allocation of 1,437,252,471 euros.<\/p>\n<ul style=\"text-align: justify;\">\n<li>Priority 1: A competitive region through innovation, digitization and dynamic enterprises - total value: 327,904,956 euros<\/li>\n<li>Priority 2: A region with smart localities - total value: 60,332,872 euros<\/li>\n<li>Priority 3: A region with environmentally friendly localities - total value: 210,666,112 euros<\/li>\n<li>Priority 4: A region with sustainable multimodal urban mobility \u2013 total value: 305,155,751 euros<\/li>\n<li>Priority 5: An accessible region - total value: 184,978,708 euros<\/li>\n<li>Priority 6: An educated region - total value: 77,386,100 euros<\/li>\n<li>Priority 7: An attractive region - total value: 210,363,134 euros<\/li>\n<li>Technical assistance \u2013 total value: 60,464,838 euros<\/li>\n<\/ul>\n<p style=\"text-align: justify;\">More information about the Northwest Regional Program for 2021-2027 is available\u00a0<a role=\"link\" href=\"https:\/\/regionordvest.ro\/en\/programul-regional-nv\/\">here<\/a>, and the program can be consulted\u00a0<a role=\"link\" href=\"https:\/\/regionordvest.ro\/wp-content\/uploads\/2022\/10\/PR_NV_1.2_RO-1.pdf\">here<\/a>.<\/p>\n<\/div><\/div><\/div><\/div><\/div><\/div><\/section>","protected":false},"excerpt":{"rendered":"Agen\u021bia de Dezvoltare Regional\u0103 Nord-Vest, \u00een calitate de Autoritate de Management pentru Programul Regional Nord-Vest 2021-2027 (REGIO Nord-Vest), emite ERAT\u0102 pentru CORRIGENDUM nr.3 aferent\u0103 apelului de proiecte \u0219i PRNV\/2023\/312.A\/1, CORRIGENDUM nr. 2\u00a0aferent\u0103 apelului de proiecte \u0219i PRNV\/2023\/481.A\/1\u00a0\u0219i\u00a0CORRIGENDUM nr. 2\u00a0 aferent\u0103 apelului de proiecte \u0219i\u00a0PRNV\/2023\/481.B\/1. Av\u00e2nd \u00een vedere c\u0103 \u00een cadrul Corrigendumului din data de 29.01.2024...","protected":false},"author":10,"featured_media":5588,"comment_status":"closed","ping_status":"open","sticky":false,"template":"","format":"standard","meta":{"footnotes":""},"categories":[21,3],"tags":[],"class_list":["post-5587","post","type-post","status-publish","format-standard","has-post-thumbnail","hentry","category-corrigendum","category-por-2021-2027"],"_links":{"self":[{"href":"https:\/\/regionordvest.ro\/en\/wp-json\/wp\/v2\/posts\/5587","targetHints":{"allow":["GET"]}}],"collection":[{"href":"https:\/\/regionordvest.ro\/en\/wp-json\/wp\/v2\/posts"}],"about":[{"href":"https:\/\/regionordvest.ro\/en\/wp-json\/wp\/v2\/types\/post"}],"author":[{"embeddable":true,"href":"https:\/\/regionordvest.ro\/en\/wp-json\/wp\/v2\/users\/10"}],"replies":[{"embeddable":true,"href":"https:\/\/regionordvest.ro\/en\/wp-json\/wp\/v2\/comments?post=5587"}],"version-history":[{"count":3,"href":"https:\/\/regionordvest.ro\/en\/wp-json\/wp\/v2\/posts\/5587\/revisions"}],"predecessor-version":[{"id":5597,"href":"https:\/\/regionordvest.ro\/en\/wp-json\/wp\/v2\/posts\/5587\/revisions\/5597"}],"wp:featuredmedia":[{"embeddable":true,"href":"https:\/\/regionordvest.ro\/en\/wp-json\/wp\/v2\/media\/5588"}],"wp:attachment":[{"href":"https:\/\/regionordvest.ro\/en\/wp-json\/wp\/v2\/media?parent=5587"}],"wp:term":[{"taxonomy":"category","embeddable":true,"href":"https:\/\/regionordvest.ro\/en\/wp-json\/wp\/v2\/categories?post=5587"},{"taxonomy":"post_tag","embeddable":true,"href":"https:\/\/regionordvest.ro\/en\/wp-json\/wp\/v2\/tags?post=5587"}],"curies":[{"name":"wp","href":"https:\/\/api.w.org\/{rel}","templated":true}]}}