{"id":10681,"date":"2026-03-23T16:00:31","date_gmt":"2026-03-23T14:00:31","guid":{"rendered":"https:\/\/regionordvest.ro\/?p=10681"},"modified":"2026-03-24T00:46:12","modified_gmt":"2026-03-23T22:46:12","slug":"lacul-gavril-din-ocna-sugatag-va-deveni-un-nou-punct-de-atractie-turistica-printr-un-proiect-de-peste-51-milioane-de-euro-finantat-prin-programul-regional-nord-vest-2021-2027","status":"publish","type":"post","link":"https:\/\/regionordvest.ro\/en\/lacul-gavril-din-ocna-sugatag-va-deveni-un-nou-punct-de-atractie-turistica-printr-un-proiect-de-peste-51-milioane-de-euro-finantat-prin-programul-regional-nord-vest-2021-2027\/","title":{"rendered":"Lacul Gavril din Ocna \u0218ugatag va deveni un nou punct de atrac\u021bie turistic\u0103 printr-un proiect de peste 5,1 milioane de euro finan\u021bat prin Programul Regional Nord-Vest 2021\u20132027"},"content":{"rendered":"<section class=\"l-section wpb_row height_small\"><div class=\"l-section-h i-cf\"><div class=\"g-cols via_grid cols_2-1 laptops-cols_inherit tablets-cols_inherit mobiles-cols_1 valign_top type_default\"><div class=\"wpb_column vc_column_container\"><div class=\"vc_column-inner\"><div class=\"wpb_text_column\"><div class=\"wpb_wrapper\"><div class=\"flex flex-col text-sm pb-25\">\n<article class=\"text-token-text-primary w-full focus:outline-none &#091;--shadow-height:45px&#093; has-data-writing-block:pointer-events-none has-data-writing-block:-mt-(--shadow-height) has-data-writing-block:pt-(--shadow-height) &#091;&amp;:has(&#091;data-writing-block&#093;)&gt;*&#093;:pointer-events-auto scroll-mt-&#091;calc(var(--header-height)+min(200px,max(70px,20svh)))&#093;\" dir=\"auto\" tabindex=\"-1\" data-turn-id=\"request-69a5880d-363c-838a-af56-d91174876d73-26\" data-testid=\"conversation-turn-11\" data-scroll-anchor=\"true\" data-turn=\"assistant\">\n<div class=\"text-base my-auto mx-auto pb-10 &#091;--thread-content-margin:var(--thread-content-margin-xs,calc(var(--spacing)*4))&#093; @w-sm\/main:&#091;--thread-content-margin:var(--thread-content-margin-sm,calc(var(--spacing)*6))&#093; @w-lg\/main:&#091;--thread-content-margin:var(--thread-content-margin-lg,calc(var(--spacing)*16))&#093; px-(--thread-content-margin)\">\n<div class=\"&#091;--thread-content-max-width:40rem&#093; @w-lg\/main:&#091;--thread-content-max-width:48rem&#093; mx-auto max-w-(--thread-content-max-width) flex-1 group\/turn-messages focus-visible:outline-hidden relative flex w-full min-w-0 flex-col agent-turn\" tabindex=\"-1\">\n<div class=\"flex max-w-full flex-col gap-4 grow\">\n<div class=\"min-h-8 text-message relative flex w-full flex-col items-end gap-2 text-start break-words whitespace-normal &#091;.text-message+&amp;&#093;:mt-1\" dir=\"auto\" data-message-author-role=\"assistant\" data-message-id=\"0dbbb4ef-a0ca-4f65-b0e3-a7f683189780\" data-message-model-slug=\"gpt-5-3\">\n<div class=\"flex w-full flex-col gap-1 empty:hidden\">\n<div class=\"markdown prose dark:prose-invert w-full wrap-break-word light markdown-new-styling\">\n<p style=\"text-align: justify;\" data-start=\"181\" data-end=\"487\">La poalele Mun\u021bilor \u021aible\u0219 \u0219i Gut\u00e2i, Lacul Gavril este unul dintre acele locuri care au deja tot ce le trebuie: lini\u0219te, natur\u0103, peisaj. Lipse\u0219te \u00eens\u0103 infrastructura care s\u0103 transforme acest poten\u021bial \u00eentr-o experien\u021b\u0103 complet\u0103 pentru cei care ajung aici. \u00cen Ocna \u0218ugatag, acest lucru \u00eencepe s\u0103 se schimbe. Contractul de finan\u021bare a fost semnat \u00eentre <strong>ADR North-West<\/strong> and <strong>Prim\u0103ria Comunei Ocna \u0218ugatag<\/strong>, \u00een cadrul <strong>Programului Regional Nord-Vest 2021\u20132027<\/strong>.<\/p>\n<p style=\"text-align: justify;\" data-start=\"760\" data-end=\"1071\">Proiectul propune transformarea zonei Lacului Gavril \u00eentr-un spa\u021biu organizat pentru <strong>plimbare, relaxare \u0219i activit\u0103\u021bi \u00een aer liber<\/strong>. Vor fi amenajate <strong>trasee de promenad\u0103, zone de odihn\u0103 \u0219i spa\u021bii pentru petrecerea timpului liber<\/strong>, integrate \u00een peisajul natural existent, f\u0103r\u0103 interven\u021bii invazive asupra mediului. Una dintre atrac\u021biile principale va fi <strong>tiroliana<\/strong>, care va oferi o perspectiv\u0103 diferit\u0103 asupra lacului \u0219i a \u00eemprejurimilor. \u00cen completare, vor fi realizate <strong>pontoane plutitoare pentru relaxare \u0219i pescuit, spa\u021bii pentru activit\u0103\u021bi recreative, zone de joac\u0103 pentru copii \u0219i terenuri pentru sport \u00een aer liber<\/strong>.<\/p>\n<p style=\"text-align: justify;\" data-start=\"1380\" data-end=\"1725\">Zona va fi echipat\u0103 cu <strong>mobilier urban, iluminat eficient energetic \u0219i sistem de supraveghere video<\/strong>, pentru a asigura siguran\u021ba \u0219i confortul vizitatorilor. De asemenea, vor fi amenajate <strong>parc\u0103ri, grupuri sanitare \u0219i zone dedicate activit\u0103\u021bilor de tip picnic sau gr\u0103tar<\/strong>, astfel \u00eenc\u00e2t vizita s\u0103 fie u\u0219or de planificat \u0219i petrecut pe termen mai lung. Proiectul pune accent \u0219i pe valorificarea cadrului natural existent. Arborii vor fi <strong>p\u0103stra\u021bi \u0219i \u00eengriji\u021bi<\/strong>, iar spa\u021biile verzi vor fi completate acolo unde este necesar, astfel \u00eenc\u00e2t \u00eentregul <strong>traseu<\/strong> s\u0103 devin\u0103 <strong>coerent \u0219i u\u0219or de parcurs<\/strong>.<\/p>\n<p style=\"text-align: justify;\" data-start=\"1964\" data-end=\"2229\">Investi\u021bia are \u0219i un efect economic direct. Estim\u0103rile arat\u0103 o cre\u0219tere de peste <strong>20% a num\u0103rului de turi\u0219ti<\/strong> \u00een primul an dup\u0103 finalizare, ceea ce \u00eenseamn\u0103 <strong>mai mul\u021bi vizitatori pentru pensiunile, restaurantele \u0219i afacerile locale<\/strong> din Ocna \u0218ugatag \u0219i din \u00eemprejurimi. Finalizarea lucr\u0103rilor este estimat\u0103 pentru <strong>30 iunie 2028.<\/strong><\/p>\n<p style=\"text-align: justify;\" data-start=\"2490\" data-end=\"2864\" data-is-last-node=\"\" data-is-only-node=\"\">Proiectul <strong>\u201eSporirea Poten\u021bialului Turistic al Comunei Ocna \u0218ugatag prin Amenajarea Obiectivului Turistic Lacul Gavril \u2013 Cod SMIS 324046\u201d<\/strong> este finan\u021bat prin <strong>Programul Regional Nord-Vest 2021\u20132027<\/strong>, \u00een cadrul Priorit\u0103\u021bii 7 \u2013 \u201e<strong>An attractive region<\/strong>\u201d, contribuind la Obiectivul de politic\u0103 \u201e<strong>A Europe closer to citizens<\/strong>\u201d, cu sprijinul <strong>Fondului European de Dezvoltare Regional\u0103<\/strong>.<\/p>\n<\/div>\n<\/div>\n<\/div>\n<\/div>\n<\/div>\n<\/div>\n<\/article>\n<\/div>\n<\/div><\/div><\/div><\/div><div class=\"wpb_column vc_column_container\"><div class=\"vc_column-inner\"><div class=\"w-image align_none\"><div class=\"w-image-h\"><img loading=\"lazy\" decoding=\"async\" width=\"1500\" height=\"1258\" src=\"https:\/\/regionordvest.ro\/wp-content\/uploads\/2026\/03\/324046-Lacul-Gavril-Ocna-Sugatag-MM.png\" class=\"attachment-full size-full\" alt=\"\" srcset=\"https:\/\/regionordvest.ro\/wp-content\/uploads\/2026\/03\/324046-Lacul-Gavril-Ocna-Sugatag-MM.png 1500w, https:\/\/regionordvest.ro\/wp-content\/uploads\/2026\/03\/324046-Lacul-Gavril-Ocna-Sugatag-MM-300x252.png 300w, https:\/\/regionordvest.ro\/wp-content\/uploads\/2026\/03\/324046-Lacul-Gavril-Ocna-Sugatag-MM-1024x859.png 1024w, https:\/\/regionordvest.ro\/wp-content\/uploads\/2026\/03\/324046-Lacul-Gavril-Ocna-Sugatag-MM-14x12.png 14w, https:\/\/regionordvest.ro\/wp-content\/uploads\/2026\/03\/324046-Lacul-Gavril-Ocna-Sugatag-MM-477x400.png 477w, https:\/\/regionordvest.ro\/wp-content\/uploads\/2026\/03\/324046-Lacul-Gavril-Ocna-Sugatag-MM-470x394.png 470w\" sizes=\"auto, (max-width: 1500px) 100vw, 1500px\" \/><\/div><\/div><\/div><\/div><\/div><\/div><\/section>","protected":false},"excerpt":{"rendered":"La poalele Mun\u021bilor \u021aible\u0219 \u0219i Gut\u00e2i, Lacul Gavril este unul dintre acele locuri care au deja tot ce le trebuie: lini\u0219te, natur\u0103, peisaj. Lipse\u0219te \u00eens\u0103 infrastructura care s\u0103 transforme acest poten\u021bial \u00eentr-o experien\u021b\u0103 complet\u0103 pentru cei care ajung aici. \u00cen Ocna \u0218ugatag, acest lucru \u00eencepe s\u0103 se schimbe. Contractul de finan\u021bare a fost semnat \u00eentre...","protected":false},"author":10,"featured_media":10682,"comment_status":"closed","ping_status":"open","sticky":false,"template":"","format":"standard","meta":{"footnotes":""},"categories":[23,66,3],"tags":[],"class_list":["post-10681","post","type-post","status-publish","format-standard","has-post-thumbnail","hentry","category-contract","category-judetul-maramures","category-por-2021-2027"],"_links":{"self":[{"href":"https:\/\/regionordvest.ro\/en\/wp-json\/wp\/v2\/posts\/10681","targetHints":{"allow":["GET"]}}],"collection":[{"href":"https:\/\/regionordvest.ro\/en\/wp-json\/wp\/v2\/posts"}],"about":[{"href":"https:\/\/regionordvest.ro\/en\/wp-json\/wp\/v2\/types\/post"}],"author":[{"embeddable":true,"href":"https:\/\/regionordvest.ro\/en\/wp-json\/wp\/v2\/users\/10"}],"replies":[{"embeddable":true,"href":"https:\/\/regionordvest.ro\/en\/wp-json\/wp\/v2\/comments?post=10681"}],"version-history":[{"count":1,"href":"https:\/\/regionordvest.ro\/en\/wp-json\/wp\/v2\/posts\/10681\/revisions"}],"predecessor-version":[{"id":10683,"href":"https:\/\/regionordvest.ro\/en\/wp-json\/wp\/v2\/posts\/10681\/revisions\/10683"}],"wp:featuredmedia":[{"embeddable":true,"href":"https:\/\/regionordvest.ro\/en\/wp-json\/wp\/v2\/media\/10682"}],"wp:attachment":[{"href":"https:\/\/regionordvest.ro\/en\/wp-json\/wp\/v2\/media?parent=10681"}],"wp:term":[{"taxonomy":"category","embeddable":true,"href":"https:\/\/regionordvest.ro\/en\/wp-json\/wp\/v2\/categories?post=10681"},{"taxonomy":"post_tag","embeddable":true,"href":"https:\/\/regionordvest.ro\/en\/wp-json\/wp\/v2\/tags?post=10681"}],"curies":[{"name":"wp","href":"https:\/\/api.w.org\/{rel}","templated":true}]}}