{"id":10656,"date":"2026-03-18T17:00:29","date_gmt":"2026-03-18T15:00:29","guid":{"rendered":"https:\/\/regionordvest.ro\/?p=10656"},"modified":"2026-03-18T23:40:22","modified_gmt":"2026-03-18T21:40:22","slug":"o-noua-cresa-pentru-copiii-din-bistrita-construita-printr-un-proiect-de-peste-14-milioane-de-euro-finantat-prin-programul-regional-nord-vest-2021-2027","status":"publish","type":"post","link":"https:\/\/regionordvest.ro\/en\/o-noua-cresa-pentru-copiii-din-bistrita-construita-printr-un-proiect-de-peste-14-milioane-de-euro-finantat-prin-programul-regional-nord-vest-2021-2027\/","title":{"rendered":"O nou\u0103 cre\u0219\u0103 pentru copiii din Bistri\u021ba, construit\u0103 printr-un proiect de peste 1,4 milioane de euro finan\u021bat prin Programul Regional Nord-Vest 2021\u20132027"},"content":{"rendered":"<section class=\"l-section wpb_row height_small\"><div class=\"l-section-h i-cf\"><div class=\"g-cols via_grid cols_2-1 laptops-cols_inherit tablets-cols_inherit mobiles-cols_1 valign_top type_default\"><div class=\"wpb_column vc_column_container\"><div class=\"vc_column-inner\"><div class=\"wpb_text_column\"><div class=\"wpb_wrapper\"><div class=\"flex flex-col text-sm pb-25\">\n<article class=\"text-token-text-primary w-full focus:outline-none &#091;--shadow-height:45px&#093; has-data-writing-block:pointer-events-none has-data-writing-block:-mt-(--shadow-height) has-data-writing-block:pt-(--shadow-height) &#091;&amp;:has(&#091;data-writing-block&#093;)&gt;*&#093;:pointer-events-auto scroll-mt-&#091;calc(var(--header-height)+min(200px,max(70px,20svh)))&#093;\" dir=\"auto\" tabindex=\"-1\" data-turn-id=\"request-69a5880d-363c-838a-af56-d91174876d73-26\" data-testid=\"conversation-turn-11\" data-scroll-anchor=\"true\" data-turn=\"assistant\">\n<div class=\"text-base my-auto mx-auto pb-10 &#091;--thread-content-margin:var(--thread-content-margin-xs,calc(var(--spacing)*4))&#093; @w-sm\/main:&#091;--thread-content-margin:var(--thread-content-margin-sm,calc(var(--spacing)*6))&#093; @w-lg\/main:&#091;--thread-content-margin:var(--thread-content-margin-lg,calc(var(--spacing)*16))&#093; px-(--thread-content-margin)\">\n<div class=\"&#091;--thread-content-max-width:40rem&#093; @w-lg\/main:&#091;--thread-content-max-width:48rem&#093; mx-auto max-w-(--thread-content-max-width) flex-1 group\/turn-messages focus-visible:outline-hidden relative flex w-full min-w-0 flex-col agent-turn\" tabindex=\"-1\">\n<div class=\"flex max-w-full flex-col gap-4 grow\">\n<div class=\"min-h-8 text-message relative flex w-full flex-col items-end gap-2 text-start break-words whitespace-normal &#091;.text-message+&amp;&#093;:mt-1\" dir=\"auto\" data-message-author-role=\"assistant\" data-message-id=\"0dbbb4ef-a0ca-4f65-b0e3-a7f683189780\" data-message-model-slug=\"gpt-5-3\">\n<div class=\"flex w-full flex-col gap-1 empty:hidden\">\n<div class=\"markdown prose dark:prose-invert w-full wrap-break-word light markdown-new-styling\">\n<p style=\"text-align: justify;\" data-start=\"157\" data-end=\"708\">Primii ani din via\u021ba unui copil nu \u00eenseamn\u0103 doar grij\u0103 \u0219i joac\u0103, ci \u0219i \u00eenceputul dezvolt\u0103rii emo\u021bionale, sociale \u0219i cognitive. \u00cen <span class=\"hover:entity-accent entity-underline inline cursor-pointer align-baseline\"><span class=\"whitespace-normal\">Bistri\u021ba<\/span><\/span>, aceste \u00eenceputuri vor avea loc \u00eentr-un spa\u021biu nou, construit special pentru nevoile copiilor foarte mici. Contractul de finan\u021bare a fost semnat \u00eentre<strong data-start=\"432\" data-end=\"655\"> <span class=\"hover:entity-accent entity-underline inline cursor-pointer align-baseline\"><span class=\"whitespace-normal\">ADR North-West<\/span><\/span> and <span class=\"hover:entity-accent entity-underline inline cursor-pointer align-baseline\"><span class=\"whitespace-normal\">Prim\u0103ria Municipiului Bistri\u021ba<\/span><\/span><\/strong>, \u00een cadrul <strong>Programului Regional Nord-Vest 2021\u20132027<\/strong>.<\/p>\n<p style=\"text-align: justify;\" data-start=\"710\" data-end=\"874\">Proiectul urm\u0103re\u0219te <strong data-start=\"730\" data-end=\"789\">extinderea capacit\u0103\u021bii serviciilor de educa\u021bie timpurie<\/strong>, prin construirea unei cre\u0219e moderne, destinat\u0103 copiilor cu v\u00e2rste \u00eentre 0 \u0219i 3 ani. Noua cre\u0219\u0103 va avea o <strong data-start=\"897\" data-end=\"949\">capacitate de 40 de copii, organiza\u021bi \u00een 4 grupe<\/strong>, \u0219i va include spa\u021bii adaptate pentru fiecare etap\u0103 a zilei: s\u0103li de grup\u0103, dormitoare, grupuri sanitare, cabinet medical \u0219i izolator, precum \u0219i spa\u021bii tehnice \u0219i administrative necesare func\u021bion\u0103rii unit\u0103\u021bii.<\/p>\n<p style=\"text-align: justify;\" data-start=\"1161\" data-end=\"1453\">Cl\u0103direa va avea regim de \u00een\u0103l\u021bime <strong data-start=\"1196\" data-end=\"1214\">parter \u0219i etaj<\/strong>, iar proiectul include \u0219i amenajarea complet\u0103 a zonelor func\u021bionale pentru personal: buc\u0103t\u0103rie, spa\u021bii administrative, vestiare, sp\u0103l\u0103torie \u0219i zone de sterilizare, astfel \u00eenc\u00e2t activitatea s\u0103 se desf\u0103\u0219oare \u00een condi\u021bii sigure \u0219i eficiente. \u00cen exterior, vor fi amenajate <strong data-start=\"1485\" data-end=\"1552\">alei pietonale \u0219i auto, spa\u021bii verzi \u0219i un loc de joac\u0103 generos<\/strong>, g\u00e2ndite pentru siguran\u021ba \u0219i confortul copiilor. Curtea va include suprafe\u021be dedicate jocului, zone verzi plantate \u0219i un sistem de iluminat modern.<\/p>\n<p style=\"text-align: justify;\" data-start=\"1702\" data-end=\"1920\">Proiectul integreaz\u0103 \u0219i <strong data-start=\"1726\" data-end=\"1758\">solu\u021bii energetice eficiente<\/strong>, precum panouri fotovoltaice \u0219i sisteme moderne de \u00eenc\u0103lzire, contribuind la reducerea consumului de energie \u0219i la crearea unui mediu confortabil pe termen lung. Investi\u021bia r\u0103spunde unei nevoi concrete din municipiu: cre\u0219terea num\u0103rului de locuri disponibile \u00een cre\u0219e \u0219i oferirea unor condi\u021bii adecvate pentru educa\u021bia timpurie. Pentru p\u0103rin\u021bi, \u00eenseamn\u0103 acces mai u\u0219or la servicii de calitate, iar pentru comunitate, o investi\u021bie direct\u0103 \u00een dezvoltarea copiilor \u00eenc\u0103 din primii ani. Finalizarea lucr\u0103rilor este estimat\u0103 pentru <strong data-start=\"2492\" data-end=\"2506\">iulie 2027<\/strong>.<\/p>\n<p style=\"text-align: justify;\" data-start=\"2509\" data-end=\"2860\" data-is-last-node=\"\" data-is-only-node=\"\"><strong data-start=\"2509\" data-end=\"2620\">Proiectul \u201eConstruire \u0219i dotare cre\u0219\u0103, str. Andrei Mure\u0219anu nr. 44A, Municipiul Bistri\u021ba \u2013 Cod SMIS 304815\u201d<\/strong> este finan\u021bat prin <strong data-start=\"2640\" data-end=\"2682\">Programul Regional Nord-Vest 2021\u20132027<\/strong>, \u00een cadrul <strong data-start=\"2694\" data-end=\"2733\">Priorit\u0103\u021bii 6 \u2013 \u201eO regiune educat\u0103\u201d<\/strong>, contribuind la <strong data-start=\"2750\" data-end=\"2799\">Obiectivul de politic\u0103 \u201eO Europ\u0103 mai social\u0103\u201d<\/strong>, cu sprijinul <strong data-start=\"2814\" data-end=\"2859\">Fondului European de Dezvoltare Regional\u0103<\/strong>.<\/p>\n<\/div>\n<\/div>\n<\/div>\n<\/div>\n<\/div>\n<\/div>\n<\/article>\n<\/div>\n<\/div><\/div><\/div><\/div><div class=\"wpb_column vc_column_container\"><div class=\"vc_column-inner\"><div class=\"w-image align_none\"><div class=\"w-image-h\"><img loading=\"lazy\" decoding=\"async\" width=\"1500\" height=\"1258\" src=\"https:\/\/regionordvest.ro\/wp-content\/uploads\/2026\/03\/304815-Cresa-Andrei-Muresanu-Bistrita-BN.png\" class=\"attachment-full size-full\" alt=\"\" srcset=\"https:\/\/regionordvest.ro\/wp-content\/uploads\/2026\/03\/304815-Cresa-Andrei-Muresanu-Bistrita-BN.png 1500w, https:\/\/regionordvest.ro\/wp-content\/uploads\/2026\/03\/304815-Cresa-Andrei-Muresanu-Bistrita-BN-300x252.png 300w, https:\/\/regionordvest.ro\/wp-content\/uploads\/2026\/03\/304815-Cresa-Andrei-Muresanu-Bistrita-BN-1024x859.png 1024w, https:\/\/regionordvest.ro\/wp-content\/uploads\/2026\/03\/304815-Cresa-Andrei-Muresanu-Bistrita-BN-14x12.png 14w, https:\/\/regionordvest.ro\/wp-content\/uploads\/2026\/03\/304815-Cresa-Andrei-Muresanu-Bistrita-BN-477x400.png 477w, https:\/\/regionordvest.ro\/wp-content\/uploads\/2026\/03\/304815-Cresa-Andrei-Muresanu-Bistrita-BN-470x394.png 470w\" sizes=\"auto, (max-width: 1500px) 100vw, 1500px\" \/><\/div><\/div><\/div><\/div><\/div><\/div><\/section>","protected":false},"excerpt":{"rendered":"Primii ani din via\u021ba unui copil nu \u00eenseamn\u0103 doar grij\u0103 \u0219i joac\u0103, ci \u0219i \u00eenceputul dezvolt\u0103rii emo\u021bionale, sociale \u0219i cognitive. \u00cen Bistri\u021ba, aceste \u00eenceputuri vor avea loc \u00eentr-un spa\u021biu nou, construit special pentru nevoile copiilor foarte mici. Contractul de finan\u021bare a fost semnat \u00eentre ADR Nord-Vest \u0219i Prim\u0103ria Municipiului Bistri\u021ba, \u00een cadrul Programului Regional Nord-Vest...","protected":false},"author":10,"featured_media":10657,"comment_status":"closed","ping_status":"open","sticky":false,"template":"","format":"standard","meta":{"footnotes":""},"categories":[23,65,3],"tags":[],"class_list":["post-10656","post","type-post","status-publish","format-standard","has-post-thumbnail","hentry","category-contract","category-judetul-bistrita-nasaud","category-por-2021-2027"],"_links":{"self":[{"href":"https:\/\/regionordvest.ro\/en\/wp-json\/wp\/v2\/posts\/10656","targetHints":{"allow":["GET"]}}],"collection":[{"href":"https:\/\/regionordvest.ro\/en\/wp-json\/wp\/v2\/posts"}],"about":[{"href":"https:\/\/regionordvest.ro\/en\/wp-json\/wp\/v2\/types\/post"}],"author":[{"embeddable":true,"href":"https:\/\/regionordvest.ro\/en\/wp-json\/wp\/v2\/users\/10"}],"replies":[{"embeddable":true,"href":"https:\/\/regionordvest.ro\/en\/wp-json\/wp\/v2\/comments?post=10656"}],"version-history":[{"count":1,"href":"https:\/\/regionordvest.ro\/en\/wp-json\/wp\/v2\/posts\/10656\/revisions"}],"predecessor-version":[{"id":10658,"href":"https:\/\/regionordvest.ro\/en\/wp-json\/wp\/v2\/posts\/10656\/revisions\/10658"}],"wp:featuredmedia":[{"embeddable":true,"href":"https:\/\/regionordvest.ro\/en\/wp-json\/wp\/v2\/media\/10657"}],"wp:attachment":[{"href":"https:\/\/regionordvest.ro\/en\/wp-json\/wp\/v2\/media?parent=10656"}],"wp:term":[{"taxonomy":"category","embeddable":true,"href":"https:\/\/regionordvest.ro\/en\/wp-json\/wp\/v2\/categories?post=10656"},{"taxonomy":"post_tag","embeddable":true,"href":"https:\/\/regionordvest.ro\/en\/wp-json\/wp\/v2\/tags?post=10656"}],"curies":[{"name":"wp","href":"https:\/\/api.w.org\/{rel}","templated":true}]}}